{"id":655,"date":"2021-01-23T12:16:48","date_gmt":"2021-01-23T12:16:48","guid":{"rendered":"http:\/\/www.grafas.org\/demo07\/?p=655"},"modified":"2023-08-15T11:59:58","modified_gmt":"2023-08-15T11:59:58","slug":"if-you-have-ten-thousand-regulations-you-destroy-all-respect-for-the-law","status":"publish","type":"post","link":"https:\/\/anp.gw\/index.php\/2021\/01\/23\/if-you-have-ten-thousand-regulations-you-destroy-all-respect-for-the-law\/","title":{"rendered":"124\u00aa Assembleia da Uni\u00e3o Inter-Parlamentar"},"content":{"rendered":"\n<p>Teve in\u00edcio no Centro de Conven\u00e7\u00f5es Atlapa em Panam\u00e1, no dia 15 de Abril de 2011 a 124\u00aa Assembleia da Uni\u00e3o Inter-Parlamentar. A cerim\u00f3nia de abertura foi Presidida por Sua Excel\u00eancia Senhor Ricardo Martinelli, que deu as boas vindas a mais de 1300 Delegados provenientes de 120 pa\u00edses. Estiveram presente na cerim\u00f3nia inaugural o Presidente da Assembleia do Panam\u00e1, S.E. senhor Jos\u00e9 Munoz Molina, o Presidente da UIP, S.E. Senhor Theo-Ben Gurirab e o Presidente da Assembleia Geral das Na\u00e7\u00f5es Unidas.<\/p>\n","protected":false},"excerpt":{"rendered":"<p>Teve in\u00edcio no Centro de Conven\u00e7\u00f5es Atlapa em Panam\u00e1, no dia 15 de Abril de 2011 a 124\u00aa Assembleia da Uni\u00e3o Inter-Parlamentar. A cerim\u00f3nia de abertura foi Presidida por Sua&#8230;<\/p>\n","protected":false},"author":1,"featured_media":1167,"comment_status":"open","ping_status":"open","sticky":false,"template":"","format":"standard","meta":{"om_disable_all_campaigns":false,"_mi_skip_tracking":false,"_monsterinsights_sitenote_active":false,"_monsterinsights_sitenote_note":"","_monsterinsights_sitenote_category":0,"_kad_post_transparent":"","_kad_post_title":"","_kad_post_layout":"","_kad_post_sidebar_id":"","_kad_post_content_style":"","_kad_post_vertical_padding":"","_kad_post_feature":"","_kad_post_feature_position":"","_kad_post_header":false,"_kad_post_footer":false,"_kad_post_classname":"","footnotes":""},"categories":[10,12],"tags":[],"aioseo_notices":[],"_links":{"self":[{"href":"https:\/\/anp.gw\/index.php\/wp-json\/wp\/v2\/posts\/655"}],"collection":[{"href":"https:\/\/anp.gw\/index.php\/wp-json\/wp\/v2\/posts"}],"about":[{"href":"https:\/\/anp.gw\/index.php\/wp-json\/wp\/v2\/types\/post"}],"author":[{"embeddable":true,"href":"https:\/\/anp.gw\/index.php\/wp-json\/wp\/v2\/users\/1"}],"replies":[{"embeddable":true,"href":"https:\/\/anp.gw\/index.php\/wp-json\/wp\/v2\/comments?post=655"}],"version-history":[{"count":2,"href":"https:\/\/anp.gw\/index.php\/wp-json\/wp\/v2\/posts\/655\/revisions"}],"predecessor-version":[{"id":1900,"href":"https:\/\/anp.gw\/index.php\/wp-json\/wp\/v2\/posts\/655\/revisions\/1900"}],"wp:featuredmedia":[{"embeddable":true,"href":"https:\/\/anp.gw\/index.php\/wp-json\/wp\/v2\/media\/1167"}],"wp:attachment":[{"href":"https:\/\/anp.gw\/index.php\/wp-json\/wp\/v2\/media?parent=655"}],"wp:term":[{"taxonomy":"category","embeddable":true,"href":"https:\/\/anp.gw\/index.php\/wp-json\/wp\/v2\/categories?post=655"},{"taxonomy":"post_tag","embeddable":true,"href":"https:\/\/anp.gw\/index.php\/wp-json\/wp\/v2\/tags?post=655"}],"curies":[{"name":"wp","href":"https:\/\/api.w.org\/{rel}","templated":true}]}}