{"id":636,"date":"2021-01-22T20:32:10","date_gmt":"2021-01-22T17:32:10","guid":{"rendered":"http:\/\/www.grafas.org\/demo07\/?p=636"},"modified":"2022-11-17T12:09:32","modified_gmt":"2022-11-17T12:09:32","slug":"the-more-corrupt-the-state-the-more-numerous-the-laws","status":"publish","type":"post","link":"https:\/\/anp.gw\/index.php\/2021\/01\/22\/the-more-corrupt-the-state-the-more-numerous-the-laws\/","title":{"rendered":"Cipriano Cassam\u00e1 envia condol\u00eancias ao hom\u00f3logo franc\u00eas"},"content":{"rendered":"\n<p>Por ocasi\u00e3o da chacina ocorrida no jornal \u201cCharlie Hebdo\u201d cometida por dois irm\u00e3os terroristas, o presidente da Assembleia Nacional Popular, Cipriano Cassam\u00e1, enviou uma mensagem de condol\u00eancias ao presidente da Assembleia Nacional francesa, Claude Bartolone.<\/p>\n\n\n\n<p>Por ocasi\u00e3o da chacina ocorrida no jornal \u201cCharlie Hebdo\u201d cometida por dois irm\u00e3os terroristas, o presidente da Assembleia Nacional Popular, Cipriano Cassam\u00e1, enviou uma mensagem de condol\u00eancias ao presidente da Assembleia Nacional francesa, Claude Bartolone. Na mensagem, o presidente da ANP considera que o ataque constitui um atentado \u00e0 liberdade de express\u00e3o e de pensamento. \u201cSendo a Guin\u00e9-Bissau um pa\u00eds democr\u00e1tico e defensor de princ\u00edpios universais e direitos humanos, com destaque para a liberdade de express\u00e3o, \u00e9 de lamentar esta trag\u00e9dia que vitimou cidad\u00e3os inocentes\u201d, escreve Cassam\u00e1 na sua mensagem. Em nome dos deputados e em seu pr\u00f3prio nome, o presidente da ANP apresentou o seu profundo sentimento de pesar e consterna\u00e7\u00e3o para com os familiares das v\u00edtimas e para com todo o povo franc\u00eas que a Assembleia Nacional francesa representa. A mensagem de condol\u00eancias do presidente da ANP salienta ainda que o parlamento guineense repudia todos os atos b\u00e1rbaros e n\u00e3o poupar\u00e1 esfor\u00e7os na luta pela liberdade de express\u00e3o e ser\u00e1 sempre um parceiro no combate ao terrorismo.<\/p>\n","protected":false},"excerpt":{"rendered":"<p>Por ocasi\u00e3o da chacina ocorrida no jornal \u201cCharlie Hebdo\u201d cometida por dois irm\u00e3os terroristas, o presidente da Assembleia Nacional Popular, Cipriano Cassam\u00e1, enviou uma mensagem de condol\u00eancias ao presidente da&#8230;<\/p>\n","protected":false},"author":1,"featured_media":1436,"comment_status":"open","ping_status":"open","sticky":false,"template":"","format":"standard","meta":{"om_disable_all_campaigns":false,"_mi_skip_tracking":false,"_monsterinsights_sitenote_active":false,"_monsterinsights_sitenote_note":"","_monsterinsights_sitenote_category":0,"_kad_post_transparent":"","_kad_post_title":"","_kad_post_layout":"","_kad_post_sidebar_id":"","_kad_post_content_style":"","_kad_post_vertical_padding":"","_kad_post_feature":"","_kad_post_feature_position":"","_kad_post_header":false,"_kad_post_footer":false,"_kad_post_classname":"","footnotes":""},"categories":[10],"tags":[],"aioseo_notices":[],"_links":{"self":[{"href":"https:\/\/anp.gw\/index.php\/wp-json\/wp\/v2\/posts\/636"}],"collection":[{"href":"https:\/\/anp.gw\/index.php\/wp-json\/wp\/v2\/posts"}],"about":[{"href":"https:\/\/anp.gw\/index.php\/wp-json\/wp\/v2\/types\/post"}],"author":[{"embeddable":true,"href":"https:\/\/anp.gw\/index.php\/wp-json\/wp\/v2\/users\/1"}],"replies":[{"embeddable":true,"href":"https:\/\/anp.gw\/index.php\/wp-json\/wp\/v2\/comments?post=636"}],"version-history":[{"count":2,"href":"https:\/\/anp.gw\/index.php\/wp-json\/wp\/v2\/posts\/636\/revisions"}],"predecessor-version":[{"id":1896,"href":"https:\/\/anp.gw\/index.php\/wp-json\/wp\/v2\/posts\/636\/revisions\/1896"}],"wp:featuredmedia":[{"embeddable":true,"href":"https:\/\/anp.gw\/index.php\/wp-json\/wp\/v2\/media\/1436"}],"wp:attachment":[{"href":"https:\/\/anp.gw\/index.php\/wp-json\/wp\/v2\/media?parent=636"}],"wp:term":[{"taxonomy":"category","embeddable":true,"href":"https:\/\/anp.gw\/index.php\/wp-json\/wp\/v2\/categories?post=636"},{"taxonomy":"post_tag","embeddable":true,"href":"https:\/\/anp.gw\/index.php\/wp-json\/wp\/v2\/tags?post=636"}],"curies":[{"name":"wp","href":"https:\/\/api.w.org\/{rel}","templated":true}]}}