{"id":3000,"date":"2023-11-21T10:23:51","date_gmt":"2023-11-21T10:23:51","guid":{"rendered":"https:\/\/anp.gw\/?p=3000"},"modified":"2023-12-15T12:46:07","modified_gmt":"2023-12-15T12:46:07","slug":"panp-recebe-leonardo-simao","status":"publish","type":"post","link":"https:\/\/anp.gw\/index.php\/2023\/11\/21\/panp-recebe-leonardo-simao\/","title":{"rendered":"PANP recebe Leonardo Sim\u00e3o"},"content":{"rendered":"\n<p>O Representante do Secret\u00e1rio-Geral das Na\u00e7\u00f5es Unidas para a \u00c1frica Ocidental e Sahel reitera a disponibilidade da sua institui\u00e7\u00e3o em apoiar a Guin\u00e9-Bissau na pol\u00edtica de consolida\u00e7\u00e3o da paz e em atrair investimento dom\u00e9stico e externo, com vista ao seu desenvolvimento. Leonardo Sim\u00e3o deixou estas garantias ap\u00f3s uma audi\u00eancia com o Presidente da Assembleia Nacional Popular, Domingos Sim\u00f5es Pereira, no dia 16 de novembro de 2023.&nbsp;<\/p>\n\n\n\n<p>\u201cTive finalmente a oportunidade de o felicitar pela sua elei\u00e7\u00e3o como Presidente da Assembleia Nacional Popular; foi a primeira vez que nos encontr\u00e1mos em pessoa, mas j\u00e1 troc\u00e1mos correspond\u00eancia e pontos de vista sobre a situa\u00e7\u00e3o pol\u00edtica, econ\u00f3mica e social do pa\u00eds.\u201d<\/p>\n\n\n\n<p>Segundo Leonardo Sim\u00e3o, a Guin\u00e9-Bissau tem vindo a percorrer o caminho da coabita\u00e7\u00e3o pol\u00edtica, que \u00e9 sempre um desafio, por isso real\u00e7ou a necessidade de identificar eventuais obst\u00e1culos do percurso e encontrar formas de os ultrapassar, pois o mais importante \u00e9 a preserva\u00e7\u00e3o da paz.<\/p>\n\n\n\n<p>\u201cA Guin\u00e9-Bissau \u00e9 um pa\u00eds que tem grande potencial para a agricultura, turismo, recursos minerais, entre outros, e potencial econ\u00f3mico para garantir um melhor bem-estar ao seu povo\u201d, afirmou, apontando a paz e a estabilidade como primeira condi\u00e7\u00e3o, pois s\u00f3 com estes fatores determinantes todo o resto poder\u00e1 acontecer.&nbsp;<\/p>\n\n\n\n<p>\u201c\u00c9 preciso que todos os guineenses, desde as for\u00e7as pol\u00edticas \u00e0 sociedade civil e aos pr\u00f3prios media, trabalhem para a paz e estabilidade na Guin\u00e9-Bissau\u201d real\u00e7ou o Representante da ONU.<\/p>\n\n\n\n<p>Questionado sobre se a situa\u00e7\u00e3o econ\u00f3mica do pa\u00eds esteve em an\u00e1lise nesta audi\u00eancia com o Presidente da ANP, Leonardo Sim\u00e3o disse que n\u00e3o de forma espec\u00edfica, mas salientou que competia \u00e0 Assembleia criar condi\u00e7\u00f5es legais para que a economia funcionasse.<\/p>\n\n\n\n<p>\u201cA necessidade de criar um quadro legal que atraia investimento dom\u00e9stico e externo e que proteja estes investimentos s\u00e3o duas condi\u00e7\u00f5es que os investidores querem ver, porque v\u00e3o aplicar o seu dinheiro e querem ter a garantia de que nada de mal vai acontecer ao seu dinheiro investido.\u201d<\/p>\n\n\n\n<p>Nesta ordem de ideias, Leonardo Sim\u00e3o chamou ainda a aten\u00e7\u00e3o \u00e0s institui\u00e7\u00f5es, no sentido de trabalharem para a garantia do cumprimento das leis.<\/p>\n\n\n\n<p>O Representante do Secret\u00e1rio-Geral das Na\u00e7\u00f5es Unidas para a \u00c1frica Ocidental e Sahel assegurou que a ONU est\u00e1 sempre dispon\u00edvel, atrav\u00e9s das suas ag\u00eancias e \u00f3rg\u00e3os, para apoiar os seus estados-membros. Uma vez que a Guin\u00e9-Bissau \u00e9 um Estado-membro das Na\u00e7\u00f5es Unidas, merece apoio, tal como tem tido at\u00e9 ao momento, apoio este que continuar\u00e1 desde que haja paz e estabilidade.<\/p>\n\n\n\n<p>\u201cDepois das minhas visitas \u00e0 Guin\u00e9-Bissau, as quais me deram uma vis\u00e3o ampla dos desafios do pa\u00eds, tenho vindo a contactar as institui\u00e7\u00f5es internacionais no sentido de apoiarem o pa\u00eds, mas algumas dizem estar apreensivas, dadas as an\u00e1lises de risco feitas. \u00c9 por isso que as for\u00e7as pol\u00edticas do pa\u00eds t\u00eam de trabalhar em conjunto para afastar estes fatores de risco, para darem confian\u00e7a aos investidores que querem ajudar o pa\u00eds\u201d, disse Leonardo Sim\u00e3o, para terminar.<\/p>\n\n\n\n<figure class=\"wp-block-gallery has-nested-images columns-default is-cropped wp-block-gallery-1 is-layout-flex wp-block-gallery-is-layout-flex\">\n<figure class=\"wp-block-image size-large\"><img decoding=\"async\" width=\"1024\" height=\"828\" data-id=\"3003\" src=\"https:\/\/anp.gw\/wp-content\/uploads\/2023\/12\/PANP-recebe-Leonardo-Simao-3-1024x828.jpg\" alt=\"\" class=\"wp-image-3003\" srcset=\"https:\/\/anp.gw\/wp-content\/uploads\/2023\/12\/PANP-recebe-Leonardo-Simao-3-1024x828.jpg 1024w, https:\/\/anp.gw\/wp-content\/uploads\/2023\/12\/PANP-recebe-Leonardo-Simao-3-300x243.jpg 300w, https:\/\/anp.gw\/wp-content\/uploads\/2023\/12\/PANP-recebe-Leonardo-Simao-3-768x621.jpg 768w, https:\/\/anp.gw\/wp-content\/uploads\/2023\/12\/PANP-recebe-Leonardo-Simao-3.jpg 1080w\" sizes=\"(max-width: 1024px) 100vw, 1024px\" \/><\/figure>\n\n\n\n<figure class=\"wp-block-image size-large\"><img decoding=\"async\" width=\"683\" height=\"1024\" data-id=\"3002\" src=\"https:\/\/anp.gw\/wp-content\/uploads\/2023\/12\/PANP-recebe-Leonardo-Simao-2-683x1024.jpg\" alt=\"\" class=\"wp-image-3002\" srcset=\"https:\/\/anp.gw\/wp-content\/uploads\/2023\/12\/PANP-recebe-Leonardo-Simao-2-683x1024.jpg 683w, https:\/\/anp.gw\/wp-content\/uploads\/2023\/12\/PANP-recebe-Leonardo-Simao-2-200x300.jpg 200w, https:\/\/anp.gw\/wp-content\/uploads\/2023\/12\/PANP-recebe-Leonardo-Simao-2.jpg 720w\" sizes=\"(max-width: 683px) 100vw, 683px\" \/><\/figure>\n\n\n\n<figure class=\"wp-block-image size-large\"><img decoding=\"async\" width=\"1024\" height=\"621\" data-id=\"3001\" src=\"https:\/\/anp.gw\/wp-content\/uploads\/2023\/12\/PANP-recebe-Leonardo-Simao-1-1024x621.jpg\" alt=\"\" class=\"wp-image-3001\" srcset=\"https:\/\/anp.gw\/wp-content\/uploads\/2023\/12\/PANP-recebe-Leonardo-Simao-1-1024x621.jpg 1024w, https:\/\/anp.gw\/wp-content\/uploads\/2023\/12\/PANP-recebe-Leonardo-Simao-1-300x182.jpg 300w, https:\/\/anp.gw\/wp-content\/uploads\/2023\/12\/PANP-recebe-Leonardo-Simao-1-768x466.jpg 768w, https:\/\/anp.gw\/wp-content\/uploads\/2023\/12\/PANP-recebe-Leonardo-Simao-1.jpg 1032w\" sizes=\"(max-width: 1024px) 100vw, 1024px\" \/><\/figure>\n<\/figure>\n","protected":false},"excerpt":{"rendered":"<p>O Representante do Secret\u00e1rio-Geral das Na\u00e7\u00f5es Unidas para a \u00c1frica Ocidental e Sahel reitera a disponibilidade da sua institui\u00e7\u00e3o em apoiar a Guin\u00e9-Bissau na pol\u00edtica de consolida\u00e7\u00e3o da paz e&#8230;<\/p>\n","protected":false},"author":1,"featured_media":3004,"comment_status":"open","ping_status":"open","sticky":false,"template":"","format":"standard","meta":{"om_disable_all_campaigns":false,"_mi_skip_tracking":false,"_monsterinsights_sitenote_active":false,"_monsterinsights_sitenote_note":"","_monsterinsights_sitenote_category":0,"_kad_post_transparent":"","_kad_post_title":"","_kad_post_layout":"","_kad_post_sidebar_id":"","_kad_post_content_style":"","_kad_post_vertical_padding":"","_kad_post_feature":"","_kad_post_feature_position":"","_kad_post_header":false,"_kad_post_footer":false,"_kad_post_classname":"","footnotes":""},"categories":[10],"tags":[],"aioseo_notices":[],"_links":{"self":[{"href":"https:\/\/anp.gw\/index.php\/wp-json\/wp\/v2\/posts\/3000"}],"collection":[{"href":"https:\/\/anp.gw\/index.php\/wp-json\/wp\/v2\/posts"}],"about":[{"href":"https:\/\/anp.gw\/index.php\/wp-json\/wp\/v2\/types\/post"}],"author":[{"embeddable":true,"href":"https:\/\/anp.gw\/index.php\/wp-json\/wp\/v2\/users\/1"}],"replies":[{"embeddable":true,"href":"https:\/\/anp.gw\/index.php\/wp-json\/wp\/v2\/comments?post=3000"}],"version-history":[{"count":1,"href":"https:\/\/anp.gw\/index.php\/wp-json\/wp\/v2\/posts\/3000\/revisions"}],"predecessor-version":[{"id":3005,"href":"https:\/\/anp.gw\/index.php\/wp-json\/wp\/v2\/posts\/3000\/revisions\/3005"}],"wp:featuredmedia":[{"embeddable":true,"href":"https:\/\/anp.gw\/index.php\/wp-json\/wp\/v2\/media\/3004"}],"wp:attachment":[{"href":"https:\/\/anp.gw\/index.php\/wp-json\/wp\/v2\/media?parent=3000"}],"wp:term":[{"taxonomy":"category","embeddable":true,"href":"https:\/\/anp.gw\/index.php\/wp-json\/wp\/v2\/categories?post=3000"},{"taxonomy":"post_tag","embeddable":true,"href":"https:\/\/anp.gw\/index.php\/wp-json\/wp\/v2\/tags?post=3000"}],"curies":[{"name":"wp","href":"https:\/\/api.w.org\/{rel}","templated":true}]}}