{"id":2918,"date":"2023-10-20T11:10:00","date_gmt":"2023-10-20T11:10:00","guid":{"rendered":"https:\/\/anp.gw\/?p=2918"},"modified":"2023-11-14T11:13:06","modified_gmt":"2023-11-14T11:13:06","slug":"presidente-da-anp-visitou-bula-e-cantchungo","status":"publish","type":"post","link":"https:\/\/anp.gw\/index.php\/2023\/10\/20\/presidente-da-anp-visitou-bula-e-cantchungo\/","title":{"rendered":"Presidente da ANP visitou Bula e Cantchungo"},"content":{"rendered":"\n<p>No dia 18 de outubro de 2023, o Presidente da Assembleia Nacional Popular, Domingos Sim\u00f5es Pereira, numa nova desloca\u00e7\u00e3o a outra regi\u00e3o do pa\u00eds, referiu querer que estas suas visitas sejam vistas como um momento de dar e receber, uma vez que se trata de momentos em que, \u201ccomo disse o tio Landim, aprendemos algo que nos pode servir de orienta\u00e7\u00e3o, sempre algo novo\u201d.<\/p>\n\n\n\n<p>Depois de ouvir a popula\u00e7\u00e3o e os Deputados, o L\u00edder do Parlamento disse que n\u00e3o havia d\u00favidas de que o c\u00edrculo 19, de Bula, Bigene e Ingor\u00e9, teve sorte por ter deputados trabalhadores.<\/p>\n\n\n\n<p>\u201cSe cada um, individualmente, mostrar a sua capacidade e empenho e incutir a nova din\u00e2mica de deixar de lado a cor partid\u00e1ria e unir esfor\u00e7os de m\u00e3os dadas, penso que, nos pr\u00f3ximos quatro anos, vamos mudar o rosto de Bula, Bigene e Ingor\u00e9 \u201d, projetou o Presidente da ANP.<\/p>\n\n\n\n<p>No encontro com a popula\u00e7\u00e3o de Bula, Domingos Sim\u00f5es Pereira recordou as palavras de um jovem que, em Cantchungo, disse que o Programa do Governo e o OGE eram instrumentos importantes, mas o que iria mudar a terra era a mudan\u00e7a de atitude e a forma de projetar o futuro.<\/p>\n\n\n\n<p>O Presidente da ANP desafiou a popula\u00e7\u00e3o do setor de Bula a concentrar-se nos assuntos importantes do pa\u00eds e a n\u00e3o se deixar distrair com outras quest\u00f5es menos importantes, tendo salientado a necessidade de a agenda de governa\u00e7\u00e3o ser preenchida com as preocupa\u00e7\u00f5es do povo e n\u00e3o o contr\u00e1rio.<\/p>\n\n\n\n<p>As camadas mais desfavorecidas da sociedade, nomeadamente crian\u00e7as, mulheres, em particular gr\u00e1vidas e idosos mereceram importante destaque por parte do Presidente do Parlamento guineense, pois, nas suas palavras, \u201cuma sociedade que n\u00e3o \u00e9 capaz de proteger estas camadas sociais dificilmente se poder\u00e1 desenvolver\u201d.<\/p>\n\n\n\n<p>O L\u00edder parlamentar, nesta ordem de ideias, chamou a aten\u00e7\u00e3o dos decisores pol\u00edticos para priorizarem a\u00e7\u00f5es que podem impactar, positivamente, a vida da popula\u00e7\u00e3o.<\/p>\n\n\n\n<p>Na cidade de Cantchungo, Domingos Sim\u00f5es Pereira visitou as crian\u00e7as da Aldeia SOS, o Hospital e o Liceu locais.<\/p>\n\n\n\n<p>A popula\u00e7\u00e3o do Setor de Cantchungo aproveitou a ocasi\u00e3o para exigir a reabertura do Tribunal Regional, cujas portas est\u00e3o encerradas por falta de ju\u00edzes. A popula\u00e7\u00e3o pediu, ainda, a cria\u00e7\u00e3o de um Centro de Forma\u00e7\u00e3o para a capacita\u00e7\u00e3o de jovens e para a uni\u00e3o entre guineenses.<\/p>\n\n\n\n<p>O Presidente da ANP, ao receber estes recados e pedidos da popula\u00e7\u00e3o de Cantchungo, esclareceu que a sua visita era apenas de observa\u00e7\u00e3o e anota\u00e7\u00e3o dos problemas existentes para, mais tarde, serem debatidos nas sess\u00f5es plen\u00e1rias da Assembleia.<\/p>\n\n\n\n<p>Domingos Sim\u00f5es Pereira, no fim, apelou \u00e0 popula\u00e7\u00e3o em geral, e em particular \u00e0 do setor de Cantchungo, que deixasse de usar a express\u00e3o \u201cpedir aos governantes\u201d e come\u00e7asse a usar a express\u00e3o \u201cexigir\u201d, j\u00e1 que \u201c\u00e9 a responsabilidade de quem governa garantir o bem-estar da popula\u00e7\u00e3o\u201d.<\/p>\n\n\n\n<p>Nesta sua desloca\u00e7\u00e3o \u00e0 regi\u00e3o de Cacheu, o Presidente da ANP foi acompanhado pelos Deputados Armando Mango, Guilherme Damas, Victor Cassam\u00e1 e Adulai Sow, eleitos no c\u00edrculo 9.<\/p>\n\n\n\n<figure class=\"wp-block-gallery columns-3 is-cropped wp-block-gallery-1 is-layout-flex wp-block-gallery-is-layout-flex\"><ul class=\"blocks-gallery-grid\"><li class=\"blocks-gallery-item\"><figure><img decoding=\"async\" width=\"1024\" height=\"576\" src=\"http:\/\/anp.gw\/wp-content\/uploads\/2023\/11\/Presidente-da-ANP-visitou-Bula-e-Cantchungo-4-1024x576.jpg\" alt=\"\" data-id=\"2921\" data-full-url=\"http:\/\/anp.gw\/wp-content\/uploads\/2023\/11\/Presidente-da-ANP-visitou-Bula-e-Cantchungo-4.jpg\" data-link=\"https:\/\/anp.gw\/?attachment_id=2921\" class=\"wp-image-2921\" srcset=\"https:\/\/anp.gw\/wp-content\/uploads\/2023\/11\/Presidente-da-ANP-visitou-Bula-e-Cantchungo-4-1024x576.jpg 1024w, https:\/\/anp.gw\/wp-content\/uploads\/2023\/11\/Presidente-da-ANP-visitou-Bula-e-Cantchungo-4-300x169.jpg 300w, https:\/\/anp.gw\/wp-content\/uploads\/2023\/11\/Presidente-da-ANP-visitou-Bula-e-Cantchungo-4-768x432.jpg 768w, https:\/\/anp.gw\/wp-content\/uploads\/2023\/11\/Presidente-da-ANP-visitou-Bula-e-Cantchungo-4.jpg 1080w\" sizes=\"(max-width: 1024px) 100vw, 1024px\" \/><\/figure><\/li><li class=\"blocks-gallery-item\"><figure><img decoding=\"async\" width=\"1024\" height=\"576\" src=\"http:\/\/anp.gw\/wp-content\/uploads\/2023\/11\/Presidente-da-ANP-visitou-Bula-e-Cantchungo-3-1024x576.jpg\" alt=\"\" data-id=\"2920\" data-full-url=\"http:\/\/anp.gw\/wp-content\/uploads\/2023\/11\/Presidente-da-ANP-visitou-Bula-e-Cantchungo-3.jpg\" data-link=\"https:\/\/anp.gw\/?attachment_id=2920\" class=\"wp-image-2920\" srcset=\"https:\/\/anp.gw\/wp-content\/uploads\/2023\/11\/Presidente-da-ANP-visitou-Bula-e-Cantchungo-3-1024x576.jpg 1024w, https:\/\/anp.gw\/wp-content\/uploads\/2023\/11\/Presidente-da-ANP-visitou-Bula-e-Cantchungo-3-300x169.jpg 300w, https:\/\/anp.gw\/wp-content\/uploads\/2023\/11\/Presidente-da-ANP-visitou-Bula-e-Cantchungo-3-768x432.jpg 768w, https:\/\/anp.gw\/wp-content\/uploads\/2023\/11\/Presidente-da-ANP-visitou-Bula-e-Cantchungo-3.jpg 1080w\" sizes=\"(max-width: 1024px) 100vw, 1024px\" \/><\/figure><\/li><li class=\"blocks-gallery-item\"><figure><img decoding=\"async\" width=\"1024\" height=\"576\" src=\"http:\/\/anp.gw\/wp-content\/uploads\/2023\/11\/Presidente-da-ANP-visitou-Bula-e-Cantchungo-2-1024x576.jpg\" alt=\"\" data-id=\"2919\" data-full-url=\"http:\/\/anp.gw\/wp-content\/uploads\/2023\/11\/Presidente-da-ANP-visitou-Bula-e-Cantchungo-2.jpg\" data-link=\"https:\/\/anp.gw\/?attachment_id=2919\" class=\"wp-image-2919\" srcset=\"https:\/\/anp.gw\/wp-content\/uploads\/2023\/11\/Presidente-da-ANP-visitou-Bula-e-Cantchungo-2-1024x576.jpg 1024w, https:\/\/anp.gw\/wp-content\/uploads\/2023\/11\/Presidente-da-ANP-visitou-Bula-e-Cantchungo-2-300x169.jpg 300w, https:\/\/anp.gw\/wp-content\/uploads\/2023\/11\/Presidente-da-ANP-visitou-Bula-e-Cantchungo-2-768x432.jpg 768w, https:\/\/anp.gw\/wp-content\/uploads\/2023\/11\/Presidente-da-ANP-visitou-Bula-e-Cantchungo-2.jpg 1080w\" sizes=\"(max-width: 1024px) 100vw, 1024px\" \/><\/figure><\/li><\/ul><\/figure>\n","protected":false},"excerpt":{"rendered":"<p>No dia 18 de outubro de 2023, o Presidente da Assembleia Nacional Popular, Domingos Sim\u00f5es Pereira, numa nova desloca\u00e7\u00e3o a outra regi\u00e3o do pa\u00eds, referiu querer que estas suas visitas&#8230;<\/p>\n","protected":false},"author":1,"featured_media":2922,"comment_status":"open","ping_status":"open","sticky":false,"template":"","format":"standard","meta":{"om_disable_all_campaigns":false,"_mi_skip_tracking":false,"_monsterinsights_sitenote_active":false,"_monsterinsights_sitenote_note":"","_monsterinsights_sitenote_category":0,"_kad_post_transparent":"","_kad_post_title":"","_kad_post_layout":"","_kad_post_sidebar_id":"","_kad_post_content_style":"","_kad_post_vertical_padding":"","_kad_post_feature":"","_kad_post_feature_position":"","_kad_post_header":false,"_kad_post_footer":false,"_kad_post_classname":"","footnotes":""},"categories":[10],"tags":[],"aioseo_notices":[],"_links":{"self":[{"href":"https:\/\/anp.gw\/index.php\/wp-json\/wp\/v2\/posts\/2918"}],"collection":[{"href":"https:\/\/anp.gw\/index.php\/wp-json\/wp\/v2\/posts"}],"about":[{"href":"https:\/\/anp.gw\/index.php\/wp-json\/wp\/v2\/types\/post"}],"author":[{"embeddable":true,"href":"https:\/\/anp.gw\/index.php\/wp-json\/wp\/v2\/users\/1"}],"replies":[{"embeddable":true,"href":"https:\/\/anp.gw\/index.php\/wp-json\/wp\/v2\/comments?post=2918"}],"version-history":[{"count":1,"href":"https:\/\/anp.gw\/index.php\/wp-json\/wp\/v2\/posts\/2918\/revisions"}],"predecessor-version":[{"id":2923,"href":"https:\/\/anp.gw\/index.php\/wp-json\/wp\/v2\/posts\/2918\/revisions\/2923"}],"wp:featuredmedia":[{"embeddable":true,"href":"https:\/\/anp.gw\/index.php\/wp-json\/wp\/v2\/media\/2922"}],"wp:attachment":[{"href":"https:\/\/anp.gw\/index.php\/wp-json\/wp\/v2\/media?parent=2918"}],"wp:term":[{"taxonomy":"category","embeddable":true,"href":"https:\/\/anp.gw\/index.php\/wp-json\/wp\/v2\/categories?post=2918"},{"taxonomy":"post_tag","embeddable":true,"href":"https:\/\/anp.gw\/index.php\/wp-json\/wp\/v2\/tags?post=2918"}],"curies":[{"name":"wp","href":"https:\/\/api.w.org\/{rel}","templated":true}]}}