{"id":2908,"date":"2023-10-21T11:01:00","date_gmt":"2023-10-21T11:01:00","guid":{"rendered":"https:\/\/anp.gw\/?p=2908"},"modified":"2023-11-14T11:08:47","modified_gmt":"2023-11-14T11:08:47","slug":"pnud-reforca-capacidade-institucional-da-assembleia-nacional-popular","status":"publish","type":"post","link":"https:\/\/anp.gw\/index.php\/2023\/10\/21\/pnud-reforca-capacidade-institucional-da-assembleia-nacional-popular\/","title":{"rendered":"PNUD refor\u00e7a capacidade institucional da Assembleia Nacional Popular"},"content":{"rendered":"\n<p>A nova Representante Residente do Sistema das Na\u00e7\u00f5es Unidas na Guin\u00e9-Bissau, Alessandra Kasazza, quer que a Assembleia Nacional Popular esteja mais pr\u00f3xima das popula\u00e7\u00f5es.<\/p>\n\n\n\n<p>Para a materializa\u00e7\u00e3o desta inten\u00e7\u00e3o, o PNUD, no quadro da parceria de longa data com a ANP, decidiu apoiar o parlamento com equipamentos inform\u00e1ticos.<\/p>\n\n\n\n<p>O \u00faltimo relat\u00f3rio mundial sobre parlamentos, publicado h\u00e1 um ano, feito pelo PNUD e pela Uni\u00e3o Interparlamentar, chamava a aten\u00e7\u00e3o da import\u00e2ncia dos parlamentos para o desenvolvimento de um pa\u00eds, ainda que, por\u00e9m, o distanciamento dos cidad\u00e3os em rela\u00e7\u00e3o aos assuntos parlamentares seja cada vez maior.<\/p>\n\n\n\n<p>Neste tema em particular, Kasazza felicitou a ANP pelo esfor\u00e7o de aproxima\u00e7\u00e3o \u00e0 sua popula\u00e7\u00e3o eleitora, fator que levou o PNUD a responder favoravelmente ao pedido da Assembleia para apoiar a transmiss\u00e3o das sess\u00f5es parlamentares em direto, atrav\u00e9s das redes sociais, permitindo assim, que os guineenses fora do pa\u00eds e os que est\u00e3o nas regi\u00f5es possam acompanhar os debates.<\/p>\n\n\n\n<p>\u201cO PNUD, atrav\u00e9s do Fundo do Jap\u00e3o, apoia tecnicamente a ANP, com equipamentos que esperamos que permitam que os emigrantes que est\u00e3o longe, mas tamb\u00e9m os que est\u00e3o em Gabu, Tombali e Bijag\u00f3s, por exemplo, poderem acompanhar as sess\u00f5es parlamentares\u201d, frisou.<\/p>\n\n\n\n<p>Ao todo, foram doados quinze computadores port\u00e1teis, impressoras e demais equipamentos para a sala plen\u00e1ria, para a transmiss\u00e3o das sess\u00f5es.<\/p>\n\n\n\n<p>O ato de entrega de equipamentos, segundo a Representante Residente do PNUD, n\u00e3o simbolizou o fim do projeto ou da coopera\u00e7\u00e3o, mas sim, pelo contr\u00e1rio, demonstrou o empenho e a disponibilidade em continuar a ser parceiro da Assembleia Nacional Popular da Guin\u00e9-Bissau.<\/p>\n\n\n\n<p>O Presidente da Assembleia Nacional Popular, Domingos Sim\u00f5es Pereira, manifestou a sua satisfa\u00e7\u00e3o durante o momento da entrega, a qual vai abrir portas para a materializa\u00e7\u00e3o dos objetivos que a ANP partilha com o PNUD, ou seja, a aproxima\u00e7\u00e3o da Assembleia ao povo guineense.<\/p>\n\n\n\n<p>Neste sentido, o l\u00edder da ANP, para al\u00e9m de agradecer ao PNUD o apoio, garantiu continuar com iniciativas que aproximem o parlamento do cidad\u00e3o eleitor e, com isso, criar condi\u00e7\u00f5es para que os cidad\u00e3os possam acompanhar a par e passo a an\u00e1lise, o debate e a aprova\u00e7\u00e3o de v\u00e1rios instrumentos de governa\u00e7\u00e3o.<\/p>\n\n\n\n<p>\u201cPenso que cada passo que dermos no sentido dessa aproxima\u00e7\u00e3o corresponde, de facto, \u00e0 necessidade de reconhecer que o povo \u00e9 que ordena, que a democracia \u00e9 a materializa\u00e7\u00e3o da vontade do povo. S\u00f3 auscultando o povo, s\u00f3 interagindo com o povo, s\u00f3 informando o povo \u00e9 que nos aproximamos desse desiderato\u201d, salientou Domingos Sim\u00f5es Pereira.<\/p>\n\n\n\n<p>O Presidente da ANP assumiu, ainda, o compromisso de velar para que a utiliza\u00e7\u00e3o dos meios disponibilizados correspondam de forma intransigente aos objetivos fixados pelas partes.<\/p>\n\n\n\n<p>Ciente do papel e da miss\u00e3o do Gabinete do Cidad\u00e3o da ANP, Domingos Sim\u00f5es Pereira espera que a utiliza\u00e7\u00e3o pr\u00e1tica e as vantagens dos materiais doados sejam apropriadas pelo referido Gabinete na dissemina\u00e7\u00e3o das a\u00e7\u00f5es da Assembleia Nacional Popular junto da popula\u00e7\u00e3o.<\/p>\n\n\n\n<figure class=\"wp-block-gallery columns-3 is-cropped wp-block-gallery-1 is-layout-flex wp-block-gallery-is-layout-flex\"><ul class=\"blocks-gallery-grid\"><li class=\"blocks-gallery-item\"><figure><img decoding=\"async\" width=\"1024\" height=\"575\" src=\"http:\/\/anp.gw\/wp-content\/uploads\/2023\/11\/PNUD-reforca-capacidade-institucional-da-Assembleia-Nacional-Popular-1024x575.jpg\" alt=\"\" data-id=\"2916\" data-full-url=\"http:\/\/anp.gw\/wp-content\/uploads\/2023\/11\/PNUD-reforca-capacidade-institucional-da-Assembleia-Nacional-Popular.jpg\" data-link=\"https:\/\/anp.gw\/?attachment_id=2916\" class=\"wp-image-2916\" srcset=\"https:\/\/anp.gw\/wp-content\/uploads\/2023\/11\/PNUD-reforca-capacidade-institucional-da-Assembleia-Nacional-Popular-1024x575.jpg 1024w, https:\/\/anp.gw\/wp-content\/uploads\/2023\/11\/PNUD-reforca-capacidade-institucional-da-Assembleia-Nacional-Popular-300x168.jpg 300w, https:\/\/anp.gw\/wp-content\/uploads\/2023\/11\/PNUD-reforca-capacidade-institucional-da-Assembleia-Nacional-Popular-768x431.jpg 768w, https:\/\/anp.gw\/wp-content\/uploads\/2023\/11\/PNUD-reforca-capacidade-institucional-da-Assembleia-Nacional-Popular.jpg 1032w\" sizes=\"(max-width: 1024px) 100vw, 1024px\" \/><\/figure><\/li><li class=\"blocks-gallery-item\"><figure><img decoding=\"async\" width=\"709\" height=\"1024\" src=\"http:\/\/anp.gw\/wp-content\/uploads\/2023\/11\/PNUD-reforca-capacidade-institucional-da-Assembleia-Nacional-Popular-6-709x1024.jpg\" alt=\"\" data-id=\"2915\" data-full-url=\"http:\/\/anp.gw\/wp-content\/uploads\/2023\/11\/PNUD-reforca-capacidade-institucional-da-Assembleia-Nacional-Popular-6.jpg\" data-link=\"https:\/\/anp.gw\/?attachment_id=2915\" class=\"wp-image-2915\" srcset=\"https:\/\/anp.gw\/wp-content\/uploads\/2023\/11\/PNUD-reforca-capacidade-institucional-da-Assembleia-Nacional-Popular-6-709x1024.jpg 709w, https:\/\/anp.gw\/wp-content\/uploads\/2023\/11\/PNUD-reforca-capacidade-institucional-da-Assembleia-Nacional-Popular-6-208x300.jpg 208w, https:\/\/anp.gw\/wp-content\/uploads\/2023\/11\/PNUD-reforca-capacidade-institucional-da-Assembleia-Nacional-Popular-6.jpg 748w\" sizes=\"(max-width: 709px) 100vw, 709px\" \/><\/figure><\/li><li class=\"blocks-gallery-item\"><figure><img decoding=\"async\" width=\"1012\" height=\"675\" src=\"http:\/\/anp.gw\/wp-content\/uploads\/2023\/11\/PNUD-reforca-capacidade-institucional-da-Assembleia-Nacional-Popular-4.jpg\" alt=\"\" data-id=\"2914\" data-full-url=\"http:\/\/anp.gw\/wp-content\/uploads\/2023\/11\/PNUD-reforca-capacidade-institucional-da-Assembleia-Nacional-Popular-4.jpg\" data-link=\"https:\/\/anp.gw\/?attachment_id=2914\" class=\"wp-image-2914\" srcset=\"https:\/\/anp.gw\/wp-content\/uploads\/2023\/11\/PNUD-reforca-capacidade-institucional-da-Assembleia-Nacional-Popular-4.jpg 1012w, https:\/\/anp.gw\/wp-content\/uploads\/2023\/11\/PNUD-reforca-capacidade-institucional-da-Assembleia-Nacional-Popular-4-300x200.jpg 300w, https:\/\/anp.gw\/wp-content\/uploads\/2023\/11\/PNUD-reforca-capacidade-institucional-da-Assembleia-Nacional-Popular-4-768x512.jpg 768w\" sizes=\"(max-width: 1012px) 100vw, 1012px\" \/><\/figure><\/li><li class=\"blocks-gallery-item\"><figure><img decoding=\"async\" width=\"886\" height=\"591\" src=\"http:\/\/anp.gw\/wp-content\/uploads\/2023\/11\/PNUD-reforca-capacidade-institucional-da-Assembleia-Nacional-Popular-3.jpg\" alt=\"\" data-id=\"2913\" data-full-url=\"http:\/\/anp.gw\/wp-content\/uploads\/2023\/11\/PNUD-reforca-capacidade-institucional-da-Assembleia-Nacional-Popular-3.jpg\" data-link=\"https:\/\/anp.gw\/?attachment_id=2913\" class=\"wp-image-2913\" srcset=\"https:\/\/anp.gw\/wp-content\/uploads\/2023\/11\/PNUD-reforca-capacidade-institucional-da-Assembleia-Nacional-Popular-3.jpg 886w, https:\/\/anp.gw\/wp-content\/uploads\/2023\/11\/PNUD-reforca-capacidade-institucional-da-Assembleia-Nacional-Popular-3-300x200.jpg 300w, https:\/\/anp.gw\/wp-content\/uploads\/2023\/11\/PNUD-reforca-capacidade-institucional-da-Assembleia-Nacional-Popular-3-768x512.jpg 768w\" sizes=\"(max-width: 886px) 100vw, 886px\" \/><\/figure><\/li><li class=\"blocks-gallery-item\"><figure><img decoding=\"async\" width=\"1024\" height=\"711\" src=\"http:\/\/anp.gw\/wp-content\/uploads\/2023\/11\/PNUD-reforca-capacidade-institucional-da-Assembleia-Nacional-Popular-2-1024x711.jpg\" alt=\"\" data-id=\"2912\" data-full-url=\"http:\/\/anp.gw\/wp-content\/uploads\/2023\/11\/PNUD-reforca-capacidade-institucional-da-Assembleia-Nacional-Popular-2.jpg\" data-link=\"https:\/\/anp.gw\/?attachment_id=2912\" class=\"wp-image-2912\" srcset=\"https:\/\/anp.gw\/wp-content\/uploads\/2023\/11\/PNUD-reforca-capacidade-institucional-da-Assembleia-Nacional-Popular-2-1024x711.jpg 1024w, https:\/\/anp.gw\/wp-content\/uploads\/2023\/11\/PNUD-reforca-capacidade-institucional-da-Assembleia-Nacional-Popular-2-300x208.jpg 300w, https:\/\/anp.gw\/wp-content\/uploads\/2023\/11\/PNUD-reforca-capacidade-institucional-da-Assembleia-Nacional-Popular-2-768x533.jpg 768w, https:\/\/anp.gw\/wp-content\/uploads\/2023\/11\/PNUD-reforca-capacidade-institucional-da-Assembleia-Nacional-Popular-2.jpg 1080w\" sizes=\"(max-width: 1024px) 100vw, 1024px\" \/><\/figure><\/li><\/ul><\/figure>\n","protected":false},"excerpt":{"rendered":"<p>A nova Representante Residente do Sistema das Na\u00e7\u00f5es Unidas na Guin\u00e9-Bissau, Alessandra Kasazza, quer que a Assembleia Nacional Popular esteja mais pr\u00f3xima das popula\u00e7\u00f5es. Para a materializa\u00e7\u00e3o desta inten\u00e7\u00e3o, o&#8230;<\/p>\n","protected":false},"author":1,"featured_media":2911,"comment_status":"open","ping_status":"open","sticky":false,"template":"","format":"standard","meta":{"om_disable_all_campaigns":false,"_mi_skip_tracking":false,"_monsterinsights_sitenote_active":false,"_monsterinsights_sitenote_note":"","_monsterinsights_sitenote_category":0,"_kad_post_transparent":"","_kad_post_title":"","_kad_post_layout":"","_kad_post_sidebar_id":"","_kad_post_content_style":"","_kad_post_vertical_padding":"","_kad_post_feature":"","_kad_post_feature_position":"","_kad_post_header":false,"_kad_post_footer":false,"_kad_post_classname":"","footnotes":""},"categories":[10],"tags":[],"aioseo_notices":[],"_links":{"self":[{"href":"https:\/\/anp.gw\/index.php\/wp-json\/wp\/v2\/posts\/2908"}],"collection":[{"href":"https:\/\/anp.gw\/index.php\/wp-json\/wp\/v2\/posts"}],"about":[{"href":"https:\/\/anp.gw\/index.php\/wp-json\/wp\/v2\/types\/post"}],"author":[{"embeddable":true,"href":"https:\/\/anp.gw\/index.php\/wp-json\/wp\/v2\/users\/1"}],"replies":[{"embeddable":true,"href":"https:\/\/anp.gw\/index.php\/wp-json\/wp\/v2\/comments?post=2908"}],"version-history":[{"count":1,"href":"https:\/\/anp.gw\/index.php\/wp-json\/wp\/v2\/posts\/2908\/revisions"}],"predecessor-version":[{"id":2917,"href":"https:\/\/anp.gw\/index.php\/wp-json\/wp\/v2\/posts\/2908\/revisions\/2917"}],"wp:featuredmedia":[{"embeddable":true,"href":"https:\/\/anp.gw\/index.php\/wp-json\/wp\/v2\/media\/2911"}],"wp:attachment":[{"href":"https:\/\/anp.gw\/index.php\/wp-json\/wp\/v2\/media?parent=2908"}],"wp:term":[{"taxonomy":"category","embeddable":true,"href":"https:\/\/anp.gw\/index.php\/wp-json\/wp\/v2\/categories?post=2908"},{"taxonomy":"post_tag","embeddable":true,"href":"https:\/\/anp.gw\/index.php\/wp-json\/wp\/v2\/tags?post=2908"}],"curies":[{"name":"wp","href":"https:\/\/api.w.org\/{rel}","templated":true}]}}