{"id":2896,"date":"2023-10-21T10:39:00","date_gmt":"2023-10-21T10:39:00","guid":{"rendered":"https:\/\/anp.gw\/?p=2896"},"modified":"2023-11-14T11:00:11","modified_gmt":"2023-11-14T11:00:11","slug":"panp-recebe-proposta-do-programa-do-governo-e-orcamento-geral-do-estado","status":"publish","type":"post","link":"https:\/\/anp.gw\/index.php\/2023\/10\/21\/panp-recebe-proposta-do-programa-do-governo-e-orcamento-geral-do-estado\/","title":{"rendered":"PANP recebe proposta do Programa do Governo e Or\u00e7amento Geral do Estado"},"content":{"rendered":"\n<p>O Primeiro-Ministro guineense, Geraldo Jo\u00e3o Martins, procedeu esta sexta-feira, 20 de outubro de 2023, \u00e0 entrega formal da proposta do Programa do Governo e do Or\u00e7amento Geral do Estado relativo ao ano de 2023 \u00e0 Assembleia Nacional Popular.<\/p>\n\n\n\n<p>Com este ato formal, o Executivo, liderado por Geraldo Jo\u00e3o Martins, cumpre as disposi\u00e7\u00f5es constitucionais no que diz respeito \u00e0 submiss\u00e3o dos instrumentos de governa\u00e7\u00e3o.Geraldo Martins anunciou ainda a entrega para breve da proposta do Or\u00e7amento Geral do Estado 2024, que, segundo ele, estar\u00e1 alinhado com os objetivos estrat\u00e9gicos do Programa do novo Governo e ser\u00e1 constitu\u00eddo por seis eixos. O Primeiro-Ministro assumiu que se tratar\u00e1 de uma aposta no fortalecimento das institui\u00e7\u00f5es, no combate \u00e0 pobreza atrav\u00e9s do crescimento robusto liderado por um setor privado forte e na cria\u00e7\u00e3o de infraestruturas que sirvam de suporte a esse mesmo crescimento, na valoriza\u00e7\u00e3o do capital humano, na consolida\u00e7\u00e3o da pol\u00edtica externa e integra\u00e7\u00e3o da di\u00e1spora e na preserva\u00e7\u00e3o da biodiversidade do pa\u00eds.<\/p>\n\n\n\n<p>Na ocasi\u00e3o, o Presidente do hemiciclo guineense, Domingos Sim\u00f5es Pereira, destacou a import\u00e2ncia do momento de entrega dos dois instrumentos fundamentais, porque, simbolicamente, representa o momento em que, quem governa, apresenta ao povo a ideia de como quer governar e com que meios pretende contar para a governa\u00e7\u00e3o.\u201c<\/p>\n\n\n\n<p>Por isso, em nome da Assembleia Nacional Popular, quero reiterar o nosso apre\u00e7o, porque temos consci\u00eancia das condi\u00e7\u00f5es em que o Governo teve de elaborar estes documentos. Fazemos votos para que o debate que se ir\u00e1 desenvolver \u00e0 volta destes dois instrumentos permita o seu enriquecimento e para que, todos n\u00f3s, enquanto partes de uma mesma na\u00e7\u00e3o, possamos realmente, em normalidade e em tranquilidade, iniciar o processo desta nova Legislatura\u201d, frisou.<\/p>\n\n\n\n<p>Sobre este assunto, o Primeiro-Ministro prometeu de tudo fazer para que, dentro de duas semanas, se possa concluir o OGE para 2024, para efeitos de an\u00e1lise, discuss\u00e3o e aprova\u00e7\u00e3o na Sess\u00e3o Parlamentar do pr\u00f3ximo dia 14 de novembro. O Conselho de Ministros aprovou recentemente a Lei do Or\u00e7amento Geral de Estado para 2023 com uma receita global de 339 bilh\u00f5es e 974 milh\u00f5es de francos CFA.Desta soma, o governo aponta d\u00e9fice or\u00e7amental de 68 bilh\u00f5es de francos cfa.<\/p>\n\n\n\n<figure class=\"wp-block-gallery columns-3 is-cropped wp-block-gallery-1 is-layout-flex wp-block-gallery-is-layout-flex\"><ul class=\"blocks-gallery-grid\"><li class=\"blocks-gallery-item\"><figure><img decoding=\"async\" width=\"1024\" height=\"682\" src=\"http:\/\/anp.gw\/wp-content\/uploads\/2023\/11\/PANP-recebe-proposta-do-Programa-do-Governo-e-Orcamento-Geral-do-Estado-7-1024x682.jpg\" alt=\"\" data-id=\"2904\" data-full-url=\"http:\/\/anp.gw\/wp-content\/uploads\/2023\/11\/PANP-recebe-proposta-do-Programa-do-Governo-e-Orcamento-Geral-do-Estado-7.jpg\" data-link=\"https:\/\/anp.gw\/?attachment_id=2904\" class=\"wp-image-2904\" srcset=\"https:\/\/anp.gw\/wp-content\/uploads\/2023\/11\/PANP-recebe-proposta-do-Programa-do-Governo-e-Orcamento-Geral-do-Estado-7-1024x682.jpg 1024w, https:\/\/anp.gw\/wp-content\/uploads\/2023\/11\/PANP-recebe-proposta-do-Programa-do-Governo-e-Orcamento-Geral-do-Estado-7-300x200.jpg 300w, https:\/\/anp.gw\/wp-content\/uploads\/2023\/11\/PANP-recebe-proposta-do-Programa-do-Governo-e-Orcamento-Geral-do-Estado-7-768x512.jpg 768w, https:\/\/anp.gw\/wp-content\/uploads\/2023\/11\/PANP-recebe-proposta-do-Programa-do-Governo-e-Orcamento-Geral-do-Estado-7.jpg 1280w\" sizes=\"(max-width: 1024px) 100vw, 1024px\" \/><\/figure><\/li><li class=\"blocks-gallery-item\"><figure><img decoding=\"async\" width=\"1024\" height=\"682\" src=\"http:\/\/anp.gw\/wp-content\/uploads\/2023\/11\/PANP-recebe-proposta-do-Programa-do-Governo-e-Orcamento-Geral-do-Estado-8-1024x682.jpg\" alt=\"\" data-id=\"2905\" data-full-url=\"http:\/\/anp.gw\/wp-content\/uploads\/2023\/11\/PANP-recebe-proposta-do-Programa-do-Governo-e-Orcamento-Geral-do-Estado-8.jpg\" data-link=\"https:\/\/anp.gw\/?attachment_id=2905\" class=\"wp-image-2905\" srcset=\"https:\/\/anp.gw\/wp-content\/uploads\/2023\/11\/PANP-recebe-proposta-do-Programa-do-Governo-e-Orcamento-Geral-do-Estado-8-1024x682.jpg 1024w, https:\/\/anp.gw\/wp-content\/uploads\/2023\/11\/PANP-recebe-proposta-do-Programa-do-Governo-e-Orcamento-Geral-do-Estado-8-300x200.jpg 300w, https:\/\/anp.gw\/wp-content\/uploads\/2023\/11\/PANP-recebe-proposta-do-Programa-do-Governo-e-Orcamento-Geral-do-Estado-8-768x512.jpg 768w, https:\/\/anp.gw\/wp-content\/uploads\/2023\/11\/PANP-recebe-proposta-do-Programa-do-Governo-e-Orcamento-Geral-do-Estado-8.jpg 1280w\" sizes=\"(max-width: 1024px) 100vw, 1024px\" \/><\/figure><\/li><li class=\"blocks-gallery-item\"><figure><img decoding=\"async\" width=\"1024\" height=\"682\" src=\"http:\/\/anp.gw\/wp-content\/uploads\/2023\/11\/PANP-recebe-proposta-do-Programa-do-Governo-e-Orcamento-Geral-do-Estado-9-1024x682.jpg\" alt=\"\" data-id=\"2906\" data-full-url=\"http:\/\/anp.gw\/wp-content\/uploads\/2023\/11\/PANP-recebe-proposta-do-Programa-do-Governo-e-Orcamento-Geral-do-Estado-9.jpg\" data-link=\"https:\/\/anp.gw\/?attachment_id=2906\" class=\"wp-image-2906\" srcset=\"https:\/\/anp.gw\/wp-content\/uploads\/2023\/11\/PANP-recebe-proposta-do-Programa-do-Governo-e-Orcamento-Geral-do-Estado-9-1024x682.jpg 1024w, https:\/\/anp.gw\/wp-content\/uploads\/2023\/11\/PANP-recebe-proposta-do-Programa-do-Governo-e-Orcamento-Geral-do-Estado-9-300x200.jpg 300w, https:\/\/anp.gw\/wp-content\/uploads\/2023\/11\/PANP-recebe-proposta-do-Programa-do-Governo-e-Orcamento-Geral-do-Estado-9-768x512.jpg 768w, https:\/\/anp.gw\/wp-content\/uploads\/2023\/11\/PANP-recebe-proposta-do-Programa-do-Governo-e-Orcamento-Geral-do-Estado-9.jpg 1280w\" sizes=\"(max-width: 1024px) 100vw, 1024px\" \/><\/figure><\/li><li class=\"blocks-gallery-item\"><figure><img decoding=\"async\" width=\"1024\" height=\"656\" src=\"http:\/\/anp.gw\/wp-content\/uploads\/2023\/11\/PANP-recebe-proposta-do-Programa-do-Governo-e-Orcamento-Geral-do-Estado-6-1024x656.jpg\" alt=\"\" data-id=\"2903\" data-full-url=\"http:\/\/anp.gw\/wp-content\/uploads\/2023\/11\/PANP-recebe-proposta-do-Programa-do-Governo-e-Orcamento-Geral-do-Estado-6.jpg\" data-link=\"https:\/\/anp.gw\/?attachment_id=2903\" class=\"wp-image-2903\" srcset=\"https:\/\/anp.gw\/wp-content\/uploads\/2023\/11\/PANP-recebe-proposta-do-Programa-do-Governo-e-Orcamento-Geral-do-Estado-6-1024x656.jpg 1024w, https:\/\/anp.gw\/wp-content\/uploads\/2023\/11\/PANP-recebe-proposta-do-Programa-do-Governo-e-Orcamento-Geral-do-Estado-6-300x192.jpg 300w, https:\/\/anp.gw\/wp-content\/uploads\/2023\/11\/PANP-recebe-proposta-do-Programa-do-Governo-e-Orcamento-Geral-do-Estado-6-768x492.jpg 768w, https:\/\/anp.gw\/wp-content\/uploads\/2023\/11\/PANP-recebe-proposta-do-Programa-do-Governo-e-Orcamento-Geral-do-Estado-6.jpg 1280w\" sizes=\"(max-width: 1024px) 100vw, 1024px\" \/><\/figure><\/li><li class=\"blocks-gallery-item\"><figure><img decoding=\"async\" width=\"1024\" height=\"682\" src=\"http:\/\/anp.gw\/wp-content\/uploads\/2023\/11\/PANP-recebe-proposta-do-Programa-do-Governo-e-Orcamento-Geral-do-Estado-5-1024x682.jpg\" alt=\"\" data-id=\"2902\" data-full-url=\"http:\/\/anp.gw\/wp-content\/uploads\/2023\/11\/PANP-recebe-proposta-do-Programa-do-Governo-e-Orcamento-Geral-do-Estado-5.jpg\" data-link=\"https:\/\/anp.gw\/?attachment_id=2902\" class=\"wp-image-2902\" srcset=\"https:\/\/anp.gw\/wp-content\/uploads\/2023\/11\/PANP-recebe-proposta-do-Programa-do-Governo-e-Orcamento-Geral-do-Estado-5-1024x682.jpg 1024w, https:\/\/anp.gw\/wp-content\/uploads\/2023\/11\/PANP-recebe-proposta-do-Programa-do-Governo-e-Orcamento-Geral-do-Estado-5-300x200.jpg 300w, https:\/\/anp.gw\/wp-content\/uploads\/2023\/11\/PANP-recebe-proposta-do-Programa-do-Governo-e-Orcamento-Geral-do-Estado-5-768x512.jpg 768w, https:\/\/anp.gw\/wp-content\/uploads\/2023\/11\/PANP-recebe-proposta-do-Programa-do-Governo-e-Orcamento-Geral-do-Estado-5.jpg 1280w\" sizes=\"(max-width: 1024px) 100vw, 1024px\" \/><\/figure><\/li><li class=\"blocks-gallery-item\"><figure><img decoding=\"async\" width=\"826\" height=\"1024\" src=\"http:\/\/anp.gw\/wp-content\/uploads\/2023\/11\/PANP-recebe-proposta-do-Programa-do-Governo-e-Orcamento-Geral-do-Estado-4-826x1024.jpg\" alt=\"\" data-id=\"2901\" data-full-url=\"http:\/\/anp.gw\/wp-content\/uploads\/2023\/11\/PANP-recebe-proposta-do-Programa-do-Governo-e-Orcamento-Geral-do-Estado-4.jpg\" data-link=\"https:\/\/anp.gw\/?attachment_id=2901\" class=\"wp-image-2901\" srcset=\"https:\/\/anp.gw\/wp-content\/uploads\/2023\/11\/PANP-recebe-proposta-do-Programa-do-Governo-e-Orcamento-Geral-do-Estado-4-826x1024.jpg 826w, https:\/\/anp.gw\/wp-content\/uploads\/2023\/11\/PANP-recebe-proposta-do-Programa-do-Governo-e-Orcamento-Geral-do-Estado-4-242x300.jpg 242w, https:\/\/anp.gw\/wp-content\/uploads\/2023\/11\/PANP-recebe-proposta-do-Programa-do-Governo-e-Orcamento-Geral-do-Estado-4-768x953.jpg 768w, https:\/\/anp.gw\/wp-content\/uploads\/2023\/11\/PANP-recebe-proposta-do-Programa-do-Governo-e-Orcamento-Geral-do-Estado-4.jpg 1032w\" sizes=\"(max-width: 826px) 100vw, 826px\" \/><\/figure><\/li><li class=\"blocks-gallery-item\"><figure><img decoding=\"async\" width=\"1024\" height=\"720\" src=\"http:\/\/anp.gw\/wp-content\/uploads\/2023\/11\/PANP-recebe-proposta-do-Programa-do-Governo-e-Orcamento-Geral-do-Estado-3-1024x720.jpg\" alt=\"\" data-id=\"2900\" data-full-url=\"http:\/\/anp.gw\/wp-content\/uploads\/2023\/11\/PANP-recebe-proposta-do-Programa-do-Governo-e-Orcamento-Geral-do-Estado-3.jpg\" data-link=\"https:\/\/anp.gw\/?attachment_id=2900\" class=\"wp-image-2900\" srcset=\"https:\/\/anp.gw\/wp-content\/uploads\/2023\/11\/PANP-recebe-proposta-do-Programa-do-Governo-e-Orcamento-Geral-do-Estado-3-1024x720.jpg 1024w, https:\/\/anp.gw\/wp-content\/uploads\/2023\/11\/PANP-recebe-proposta-do-Programa-do-Governo-e-Orcamento-Geral-do-Estado-3-300x211.jpg 300w, https:\/\/anp.gw\/wp-content\/uploads\/2023\/11\/PANP-recebe-proposta-do-Programa-do-Governo-e-Orcamento-Geral-do-Estado-3-768x540.jpg 768w, https:\/\/anp.gw\/wp-content\/uploads\/2023\/11\/PANP-recebe-proposta-do-Programa-do-Governo-e-Orcamento-Geral-do-Estado-3.jpg 1280w\" sizes=\"(max-width: 1024px) 100vw, 1024px\" \/><\/figure><\/li><li class=\"blocks-gallery-item\"><figure><img decoding=\"async\" width=\"1024\" height=\"682\" src=\"http:\/\/anp.gw\/wp-content\/uploads\/2023\/11\/PANP-recebe-proposta-do-Programa-do-Governo-e-Orcamento-Geral-do-Estado-2-1024x682.jpg\" alt=\"\" data-id=\"2899\" data-full-url=\"http:\/\/anp.gw\/wp-content\/uploads\/2023\/11\/PANP-recebe-proposta-do-Programa-do-Governo-e-Orcamento-Geral-do-Estado-2.jpg\" data-link=\"https:\/\/anp.gw\/?attachment_id=2899\" class=\"wp-image-2899\" srcset=\"https:\/\/anp.gw\/wp-content\/uploads\/2023\/11\/PANP-recebe-proposta-do-Programa-do-Governo-e-Orcamento-Geral-do-Estado-2-1024x682.jpg 1024w, https:\/\/anp.gw\/wp-content\/uploads\/2023\/11\/PANP-recebe-proposta-do-Programa-do-Governo-e-Orcamento-Geral-do-Estado-2-300x200.jpg 300w, https:\/\/anp.gw\/wp-content\/uploads\/2023\/11\/PANP-recebe-proposta-do-Programa-do-Governo-e-Orcamento-Geral-do-Estado-2-768x512.jpg 768w, https:\/\/anp.gw\/wp-content\/uploads\/2023\/11\/PANP-recebe-proposta-do-Programa-do-Governo-e-Orcamento-Geral-do-Estado-2.jpg 1280w\" sizes=\"(max-width: 1024px) 100vw, 1024px\" \/><\/figure><\/li><\/ul><\/figure>\n","protected":false},"excerpt":{"rendered":"<p>O Primeiro-Ministro guineense, Geraldo Jo\u00e3o Martins, procedeu esta sexta-feira, 20 de outubro de 2023, \u00e0 entrega formal da proposta do Programa do Governo e do Or\u00e7amento Geral do Estado relativo&#8230;<\/p>\n","protected":false},"author":1,"featured_media":2897,"comment_status":"open","ping_status":"open","sticky":false,"template":"","format":"standard","meta":{"om_disable_all_campaigns":false,"_mi_skip_tracking":false,"_monsterinsights_sitenote_active":false,"_monsterinsights_sitenote_note":"","_monsterinsights_sitenote_category":0,"_kad_post_transparent":"","_kad_post_title":"","_kad_post_layout":"","_kad_post_sidebar_id":"","_kad_post_content_style":"","_kad_post_vertical_padding":"","_kad_post_feature":"","_kad_post_feature_position":"","_kad_post_header":false,"_kad_post_footer":false,"_kad_post_classname":"","footnotes":""},"categories":[10],"tags":[],"aioseo_notices":[],"_links":{"self":[{"href":"https:\/\/anp.gw\/index.php\/wp-json\/wp\/v2\/posts\/2896"}],"collection":[{"href":"https:\/\/anp.gw\/index.php\/wp-json\/wp\/v2\/posts"}],"about":[{"href":"https:\/\/anp.gw\/index.php\/wp-json\/wp\/v2\/types\/post"}],"author":[{"embeddable":true,"href":"https:\/\/anp.gw\/index.php\/wp-json\/wp\/v2\/users\/1"}],"replies":[{"embeddable":true,"href":"https:\/\/anp.gw\/index.php\/wp-json\/wp\/v2\/comments?post=2896"}],"version-history":[{"count":1,"href":"https:\/\/anp.gw\/index.php\/wp-json\/wp\/v2\/posts\/2896\/revisions"}],"predecessor-version":[{"id":2907,"href":"https:\/\/anp.gw\/index.php\/wp-json\/wp\/v2\/posts\/2896\/revisions\/2907"}],"wp:featuredmedia":[{"embeddable":true,"href":"https:\/\/anp.gw\/index.php\/wp-json\/wp\/v2\/media\/2897"}],"wp:attachment":[{"href":"https:\/\/anp.gw\/index.php\/wp-json\/wp\/v2\/media?parent=2896"}],"wp:term":[{"taxonomy":"category","embeddable":true,"href":"https:\/\/anp.gw\/index.php\/wp-json\/wp\/v2\/categories?post=2896"},{"taxonomy":"post_tag","embeddable":true,"href":"https:\/\/anp.gw\/index.php\/wp-json\/wp\/v2\/tags?post=2896"}],"curies":[{"name":"wp","href":"https:\/\/api.w.org\/{rel}","templated":true}]}}