{"id":2891,"date":"2023-10-25T10:33:00","date_gmt":"2023-10-25T10:33:00","guid":{"rendered":"https:\/\/anp.gw\/?p=2891"},"modified":"2023-11-14T10:38:46","modified_gmt":"2023-11-14T10:38:46","slug":"anp-na-assembleia-geral-da-uniao-interparlamentar","status":"publish","type":"post","link":"https:\/\/anp.gw\/index.php\/2023\/10\/25\/anp-na-assembleia-geral-da-uniao-interparlamentar\/","title":{"rendered":"ANP na Assembleia geral da Uni\u00e3o Interparlamentar"},"content":{"rendered":"\n<p>O Presidente da Assembleia Nacional Popular, Domingos Sim\u00f5es Pereira encontra-se em Luanda, chefiando uma delega\u00e7\u00e3o da ANP que participa na 147 Assembleia-geral da Uni\u00e3o Interparlamentar que decorre em Luanda at\u00e9 ao pr\u00f3ximo dia 27 de Outubro.<\/p>\n\n\n\n<p>De referir que ontem, dia 24, no per\u00edodo da tarde, e a convite da Presidente do Parlamento angolano, Domingos Sim\u00f5es Pereira presidiu a uma sess\u00e3o da UIP, naquela que foi a sua primeira presen\u00e7a, enquanto Presidente da ANP na reuni\u00e3o magna da Uni\u00e3o Interparlamentar.<\/p>\n\n\n\n<p>Reproduzimos na \u00edntegra a interven\u00e7\u00e3o do l\u00edder do parlamento guineense na reunir\u00e3o da UIP.<\/p>\n\n\n\n<figure class=\"wp-block-image size-large\"><img decoding=\"async\" width=\"768\" height=\"1024\" src=\"http:\/\/anp.gw\/wp-content\/uploads\/2023\/11\/ANP-na-Assembleia-geral-da-Uniao-Interparlamentar2-768x1024.jpg\" alt=\"\" class=\"wp-image-2893\" srcset=\"https:\/\/anp.gw\/wp-content\/uploads\/2023\/11\/ANP-na-Assembleia-geral-da-Uniao-Interparlamentar2-768x1024.jpg 768w, https:\/\/anp.gw\/wp-content\/uploads\/2023\/11\/ANP-na-Assembleia-geral-da-Uniao-Interparlamentar2-225x300.jpg 225w, https:\/\/anp.gw\/wp-content\/uploads\/2023\/11\/ANP-na-Assembleia-geral-da-Uniao-Interparlamentar2.jpg 960w\" sizes=\"(max-width: 768px) 100vw, 768px\" \/><\/figure>\n","protected":false},"excerpt":{"rendered":"<p>O Presidente da Assembleia Nacional Popular, Domingos Sim\u00f5es Pereira encontra-se em Luanda, chefiando uma delega\u00e7\u00e3o da ANP que participa na 147 Assembleia-geral da Uni\u00e3o Interparlamentar que decorre em Luanda at\u00e9&#8230;<\/p>\n","protected":false},"author":1,"featured_media":2892,"comment_status":"open","ping_status":"open","sticky":false,"template":"","format":"standard","meta":{"om_disable_all_campaigns":false,"_mi_skip_tracking":false,"_monsterinsights_sitenote_active":false,"_monsterinsights_sitenote_note":"","_monsterinsights_sitenote_category":0,"_kad_post_transparent":"","_kad_post_title":"","_kad_post_layout":"","_kad_post_sidebar_id":"","_kad_post_content_style":"","_kad_post_vertical_padding":"","_kad_post_feature":"","_kad_post_feature_position":"","_kad_post_header":false,"_kad_post_footer":false,"_kad_post_classname":"","footnotes":""},"categories":[11,10,12,1],"tags":[],"aioseo_notices":[],"_links":{"self":[{"href":"https:\/\/anp.gw\/index.php\/wp-json\/wp\/v2\/posts\/2891"}],"collection":[{"href":"https:\/\/anp.gw\/index.php\/wp-json\/wp\/v2\/posts"}],"about":[{"href":"https:\/\/anp.gw\/index.php\/wp-json\/wp\/v2\/types\/post"}],"author":[{"embeddable":true,"href":"https:\/\/anp.gw\/index.php\/wp-json\/wp\/v2\/users\/1"}],"replies":[{"embeddable":true,"href":"https:\/\/anp.gw\/index.php\/wp-json\/wp\/v2\/comments?post=2891"}],"version-history":[{"count":2,"href":"https:\/\/anp.gw\/index.php\/wp-json\/wp\/v2\/posts\/2891\/revisions"}],"predecessor-version":[{"id":2895,"href":"https:\/\/anp.gw\/index.php\/wp-json\/wp\/v2\/posts\/2891\/revisions\/2895"}],"wp:featuredmedia":[{"embeddable":true,"href":"https:\/\/anp.gw\/index.php\/wp-json\/wp\/v2\/media\/2892"}],"wp:attachment":[{"href":"https:\/\/anp.gw\/index.php\/wp-json\/wp\/v2\/media?parent=2891"}],"wp:term":[{"taxonomy":"category","embeddable":true,"href":"https:\/\/anp.gw\/index.php\/wp-json\/wp\/v2\/categories?post=2891"},{"taxonomy":"post_tag","embeddable":true,"href":"https:\/\/anp.gw\/index.php\/wp-json\/wp\/v2\/tags?post=2891"}],"curies":[{"name":"wp","href":"https:\/\/api.w.org\/{rel}","templated":true}]}}