{"id":2886,"date":"2023-10-27T22:27:00","date_gmt":"2023-10-27T22:27:00","guid":{"rendered":"https:\/\/anp.gw\/?p=2886"},"modified":"2023-11-14T10:33:33","modified_gmt":"2023-11-14T10:33:33","slug":"encontro-de-secretarios-gerais-de-parlamentos","status":"publish","type":"post","link":"https:\/\/anp.gw\/index.php\/2023\/10\/27\/encontro-de-secretarios-gerais-de-parlamentos\/","title":{"rendered":"Encontro de secret\u00e1rios-gerais de parlamentos"},"content":{"rendered":"\n<p>O tema \u201cRela\u00e7\u00f5es entre a Administra\u00e7\u00e3o Parlamentar e os Deputados\u201d dominou o encontro dos Secret\u00e1rios-Gerais dos Parlamentos de l\u00edngua portuguesa e espanhola.<\/p>\n\n\n\n<p>Neste encontro, que decorreu \u00e0 margem da 147.\u00aa Sess\u00e3o da Assembleia-Geral da UIP, o Secret\u00e1rio-Geral da Assembleia Nacional Popular, Jos\u00e9 Carlos Rodrigues da Fonseca, real\u00e7ou a necessidade de haver partilha de reflex\u00f5es e de experi\u00eancias sobre as atividades desenvolvidas pela Administra\u00e7\u00e3o Parlamentar dos pa\u00edses que fazem parte da UIP.<\/p>\n\n\n\n<figure class=\"wp-block-gallery columns-2 is-cropped wp-block-gallery-1 is-layout-flex wp-block-gallery-is-layout-flex\"><ul class=\"blocks-gallery-grid\"><li class=\"blocks-gallery-item\"><figure><img decoding=\"async\" width=\"1024\" height=\"768\" src=\"http:\/\/anp.gw\/wp-content\/uploads\/2023\/11\/Encontro-de-secretarios-gerais-de-parlamentos-1024x768.jpg\" alt=\"\" data-id=\"2889\" data-full-url=\"http:\/\/anp.gw\/wp-content\/uploads\/2023\/11\/Encontro-de-secretarios-gerais-de-parlamentos.jpg\" data-link=\"https:\/\/anp.gw\/?attachment_id=2889\" class=\"wp-image-2889\" srcset=\"https:\/\/anp.gw\/wp-content\/uploads\/2023\/11\/Encontro-de-secretarios-gerais-de-parlamentos-1024x768.jpg 1024w, https:\/\/anp.gw\/wp-content\/uploads\/2023\/11\/Encontro-de-secretarios-gerais-de-parlamentos-300x225.jpg 300w, https:\/\/anp.gw\/wp-content\/uploads\/2023\/11\/Encontro-de-secretarios-gerais-de-parlamentos-768x576.jpg 768w, https:\/\/anp.gw\/wp-content\/uploads\/2023\/11\/Encontro-de-secretarios-gerais-de-parlamentos-1536x1152.jpg 1536w, https:\/\/anp.gw\/wp-content\/uploads\/2023\/11\/Encontro-de-secretarios-gerais-de-parlamentos-320x240.jpg 320w, https:\/\/anp.gw\/wp-content\/uploads\/2023\/11\/Encontro-de-secretarios-gerais-de-parlamentos.jpg 2016w\" sizes=\"(max-width: 1024px) 100vw, 1024px\" \/><\/figure><\/li><li class=\"blocks-gallery-item\"><figure><img decoding=\"async\" width=\"1024\" height=\"768\" src=\"http:\/\/anp.gw\/wp-content\/uploads\/2023\/11\/395425507_662411682757919_8196851327968978624_n3-1024x768.jpg\" alt=\"\" data-id=\"2887\" data-full-url=\"http:\/\/anp.gw\/wp-content\/uploads\/2023\/11\/395425507_662411682757919_8196851327968978624_n3.jpg\" data-link=\"https:\/\/anp.gw\/?attachment_id=2887\" class=\"wp-image-2887\" srcset=\"https:\/\/anp.gw\/wp-content\/uploads\/2023\/11\/395425507_662411682757919_8196851327968978624_n3-1024x768.jpg 1024w, https:\/\/anp.gw\/wp-content\/uploads\/2023\/11\/395425507_662411682757919_8196851327968978624_n3-300x225.jpg 300w, https:\/\/anp.gw\/wp-content\/uploads\/2023\/11\/395425507_662411682757919_8196851327968978624_n3-768x576.jpg 768w, https:\/\/anp.gw\/wp-content\/uploads\/2023\/11\/395425507_662411682757919_8196851327968978624_n3-1536x1152.jpg 1536w, https:\/\/anp.gw\/wp-content\/uploads\/2023\/11\/395425507_662411682757919_8196851327968978624_n3-320x240.jpg 320w, https:\/\/anp.gw\/wp-content\/uploads\/2023\/11\/395425507_662411682757919_8196851327968978624_n3.jpg 2016w\" sizes=\"(max-width: 1024px) 100vw, 1024px\" \/><\/figure><\/li><\/ul><\/figure>\n","protected":false},"excerpt":{"rendered":"<p>O tema \u201cRela\u00e7\u00f5es entre a Administra\u00e7\u00e3o Parlamentar e os Deputados\u201d dominou o encontro dos Secret\u00e1rios-Gerais dos Parlamentos de l\u00edngua portuguesa e espanhola. Neste encontro, que decorreu \u00e0 margem da 147.\u00aa&#8230;<\/p>\n","protected":false},"author":1,"featured_media":2888,"comment_status":"open","ping_status":"open","sticky":false,"template":"","format":"standard","meta":{"om_disable_all_campaigns":false,"_mi_skip_tracking":false,"_monsterinsights_sitenote_active":false,"_monsterinsights_sitenote_note":"","_monsterinsights_sitenote_category":0,"_kad_post_transparent":"","_kad_post_title":"","_kad_post_layout":"","_kad_post_sidebar_id":"","_kad_post_content_style":"","_kad_post_vertical_padding":"","_kad_post_feature":"","_kad_post_feature_position":"","_kad_post_header":false,"_kad_post_footer":false,"_kad_post_classname":"","footnotes":""},"categories":[11,12],"tags":[],"aioseo_notices":[],"_links":{"self":[{"href":"https:\/\/anp.gw\/index.php\/wp-json\/wp\/v2\/posts\/2886"}],"collection":[{"href":"https:\/\/anp.gw\/index.php\/wp-json\/wp\/v2\/posts"}],"about":[{"href":"https:\/\/anp.gw\/index.php\/wp-json\/wp\/v2\/types\/post"}],"author":[{"embeddable":true,"href":"https:\/\/anp.gw\/index.php\/wp-json\/wp\/v2\/users\/1"}],"replies":[{"embeddable":true,"href":"https:\/\/anp.gw\/index.php\/wp-json\/wp\/v2\/comments?post=2886"}],"version-history":[{"count":1,"href":"https:\/\/anp.gw\/index.php\/wp-json\/wp\/v2\/posts\/2886\/revisions"}],"predecessor-version":[{"id":2890,"href":"https:\/\/anp.gw\/index.php\/wp-json\/wp\/v2\/posts\/2886\/revisions\/2890"}],"wp:featuredmedia":[{"embeddable":true,"href":"https:\/\/anp.gw\/index.php\/wp-json\/wp\/v2\/media\/2888"}],"wp:attachment":[{"href":"https:\/\/anp.gw\/index.php\/wp-json\/wp\/v2\/media?parent=2886"}],"wp:term":[{"taxonomy":"category","embeddable":true,"href":"https:\/\/anp.gw\/index.php\/wp-json\/wp\/v2\/categories?post=2886"},{"taxonomy":"post_tag","embeddable":true,"href":"https:\/\/anp.gw\/index.php\/wp-json\/wp\/v2\/tags?post=2886"}],"curies":[{"name":"wp","href":"https:\/\/api.w.org\/{rel}","templated":true}]}}