{"id":2880,"date":"2023-10-27T22:17:00","date_gmt":"2023-10-27T22:17:00","guid":{"rendered":"https:\/\/anp.gw\/?p=2880"},"modified":"2023-11-14T10:24:01","modified_gmt":"2023-11-14T10:24:01","slug":"anp-preocupada-com-criminalidade-e-conflitos-no-pais","status":"publish","type":"post","link":"https:\/\/anp.gw\/index.php\/2023\/10\/27\/anp-preocupada-com-criminalidade-e-conflitos-no-pais\/","title":{"rendered":"ANP preocupada com criminalidade e conflitos no pa\u00eds"},"content":{"rendered":"\n<p>O Primeiro Vice-Presidente da Assembleia Nacional Popular (ANP), Fernando Dias, manifestou-se preocupado com a onda de criminalidade e com os conflitos entre as comunidades e exortou o Governo a criar condi\u00e7\u00f5es para controlar estes atos violentes que se t\u00eam registado em todo o territ\u00f3rio nacional, pois, caso contr\u00e1rio, \u201cn\u00e3o ser\u00e1 poss\u00edvel falar da exist\u00eancia de Estado na Guin\u00e9-Bissau\u201d. Fernando Dias falou aos jornalistas esta quinta-feira, 26 de outubro, depois do encontro com a Ministra do Interior, o Ministro da Defesa Nacional e com o Secret\u00e1rio-geral do Minist\u00e9rio da Administra\u00e7\u00e3o Territorial, em representa\u00e7\u00e3o do seu Ministro, ausente do pa\u00eds.<\/p>\n\n\n\n<p>A reuni\u00e3o foi realizada \u00e0 porta fechada e os Deputados e membros do Governo abordaram a quest\u00e3o criminal atual, nomeadamente os roubos e as feiti\u00e7arias.<\/p>\n\n\n\n<p>Fernando Dias afirmou que, nos \u00faltimos tempos, houve um aumento dos casos de roubo e de disputas pelo poder tradicional, que continuam a ceifar vidas humanas.<\/p>\n\n\n\n<p>O Primeiro Vice-presidente da ANP informou que um novo conflito entre agricultores e criadores de gado fez com que, no intervalo de dois dias, duas pessoas morressem em duas localidades diferentes, Encheia e Darsalam, norte e leste do pa\u00eds.\u201c<\/p>\n\n\n\n<p>As acusa\u00e7\u00f5es de feiti\u00e7aria continuam a ganhar propor\u00e7\u00f5es em todo o pa\u00eds e um dos casos resultou no espancamento de um indiv\u00edduo e na situa\u00e7\u00e3o dos agentes policiais que agrediram um cidad\u00e3o indefeso, levando-o \u00e0 morte\u201d, disse.<\/p>\n\n\n\n<p>Fernando Dias lembrou que, \u00e0 luz do artigo 76.\u00ba da Constitui\u00e7\u00e3o da Rep\u00fablica da Guin\u00e9-Bissau, a Assembleia Nacional Popular tem compet\u00eancia para convocar os membros do Governo para debater situa\u00e7\u00f5es de governa\u00e7\u00e3o. Assim, e de acordo com as constata\u00e7\u00f5es feitas por Deputados no terreno, convocou os Minist\u00e9rios competentes para saber quais as dilig\u00eancias que est\u00e3o a ser feitas para terminar com a inseguran\u00e7a dos cidad\u00e3os.\u201c<\/p>\n\n\n\n<p>Recebemos informa\u00e7\u00f5es, neste encontro, por parte dos respons\u00e1veis dos Minist\u00e9rios, sobre a falta de meios para fazer face \u00e0 situa\u00e7\u00e3o. O Minist\u00e9rio do Interior disse ter homens suficientes, mas n\u00e3o h\u00e1 meios para fazerem o seu trabalho e garantir seguran\u00e7a dos cidad\u00e3os. O Minist\u00e9rio da Administra\u00e7\u00e3o Territorial manifestou a sua disponibilidade em colaborar, mas o Ministro e o Secret\u00e1rio-geral n\u00e3o t\u00eam viaturas, bem como os governadores e os administradores locais\u201d, sublinhou Fernando Dias.<\/p>\n\n\n\n<p>O Primeiro Vice-presidente da ANP abordou ainda a necessidade de implementa\u00e7\u00e3o da Lei da Terra e o seu regulamento geral, como forma de diminuir os conflitos decorrentes do acesso e gest\u00e3o da terra, os quais geram conflitos entre agricultores e criadores de gado.<\/p>\n\n\n\n<figure class=\"wp-block-image size-full\"><img decoding=\"async\" width=\"596\" height=\"894\" src=\"http:\/\/anp.gw\/wp-content\/uploads\/2023\/11\/ANP-preocupada-com-criminalidade-e-conflitos-no-pais2.jpg\" alt=\"\" class=\"wp-image-2882\" srcset=\"https:\/\/anp.gw\/wp-content\/uploads\/2023\/11\/ANP-preocupada-com-criminalidade-e-conflitos-no-pais2.jpg 596w, https:\/\/anp.gw\/wp-content\/uploads\/2023\/11\/ANP-preocupada-com-criminalidade-e-conflitos-no-pais2-200x300.jpg 200w\" sizes=\"(max-width: 596px) 100vw, 596px\" \/><\/figure>\n","protected":false},"excerpt":{"rendered":"<p>O Primeiro Vice-Presidente da Assembleia Nacional Popular (ANP), Fernando Dias, manifestou-se preocupado com a onda de criminalidade e com os conflitos entre as comunidades e exortou o Governo a criar&#8230;<\/p>\n","protected":false},"author":1,"featured_media":2881,"comment_status":"open","ping_status":"open","sticky":false,"template":"","format":"standard","meta":{"om_disable_all_campaigns":false,"_mi_skip_tracking":false,"_monsterinsights_sitenote_active":false,"_monsterinsights_sitenote_note":"","_monsterinsights_sitenote_category":0,"_kad_post_transparent":"","_kad_post_title":"","_kad_post_layout":"","_kad_post_sidebar_id":"","_kad_post_content_style":"","_kad_post_vertical_padding":"","_kad_post_feature":"","_kad_post_feature_position":"","_kad_post_header":false,"_kad_post_footer":false,"_kad_post_classname":"","footnotes":""},"categories":[10],"tags":[],"aioseo_notices":[],"_links":{"self":[{"href":"https:\/\/anp.gw\/index.php\/wp-json\/wp\/v2\/posts\/2880"}],"collection":[{"href":"https:\/\/anp.gw\/index.php\/wp-json\/wp\/v2\/posts"}],"about":[{"href":"https:\/\/anp.gw\/index.php\/wp-json\/wp\/v2\/types\/post"}],"author":[{"embeddable":true,"href":"https:\/\/anp.gw\/index.php\/wp-json\/wp\/v2\/users\/1"}],"replies":[{"embeddable":true,"href":"https:\/\/anp.gw\/index.php\/wp-json\/wp\/v2\/comments?post=2880"}],"version-history":[{"count":1,"href":"https:\/\/anp.gw\/index.php\/wp-json\/wp\/v2\/posts\/2880\/revisions"}],"predecessor-version":[{"id":2883,"href":"https:\/\/anp.gw\/index.php\/wp-json\/wp\/v2\/posts\/2880\/revisions\/2883"}],"wp:featuredmedia":[{"embeddable":true,"href":"https:\/\/anp.gw\/index.php\/wp-json\/wp\/v2\/media\/2881"}],"wp:attachment":[{"href":"https:\/\/anp.gw\/index.php\/wp-json\/wp\/v2\/media?parent=2880"}],"wp:term":[{"taxonomy":"category","embeddable":true,"href":"https:\/\/anp.gw\/index.php\/wp-json\/wp\/v2\/categories?post=2880"},{"taxonomy":"post_tag","embeddable":true,"href":"https:\/\/anp.gw\/index.php\/wp-json\/wp\/v2\/tags?post=2880"}],"curies":[{"name":"wp","href":"https:\/\/api.w.org\/{rel}","templated":true}]}}