{"id":2876,"date":"2023-11-07T10:11:00","date_gmt":"2023-11-07T10:11:00","guid":{"rendered":"https:\/\/anp.gw\/?p=2876"},"modified":"2023-11-14T10:26:38","modified_gmt":"2023-11-14T10:26:38","slug":"presidente-da-anp-pede-esclarecimentos","status":"publish","type":"post","link":"https:\/\/anp.gw\/index.php\/2023\/11\/07\/presidente-da-anp-pede-esclarecimentos\/","title":{"rendered":"Presidente da ANP pede esclarecimentos"},"content":{"rendered":"\n<p>Presidente da Assembleia Nacional Popular espera que o Governo clarifique as circunst\u00e2ncias em que as For\u00e7as de Seguran\u00e7a invadiram o edif\u00edcio do Supremo Tribunal de Justi\u00e7a.<\/p>\n\n\n\n<p>De regresso ao pa\u00eds, Domingos Sim\u00f5es Pereira reitera a sua posi\u00e7\u00e3o face aos acontecimentos da semana passada e fala numa situa\u00e7\u00e3o bastante confusa, sendo da opini\u00e3o de que \u00e9 preciso criar condi\u00e7\u00f5es para que o Conselho Superior de Magistratura Judicial possa decidir sobre o assunto.<\/p>\n\n\n\n<p>O assunto em quest\u00e3o remete-se \u00e0 manh\u00e3 de sexta-feira, 3 de novembro, quando um grupo de homens fortemente armados invadiu as instala\u00e7\u00f5es do Supremo Tribunal de Justi\u00e7a (STJ), alegando estar a cumprir ordens. Em rea\u00e7\u00e3o a essa ocupa\u00e7\u00e3o \u201cilegal\u201d do edif\u00edcio de inst\u00e2ncia judicial, o Presidente da ANP, no seu regresso ao pa\u00eds, exigiu esclarecimentos ao Governo, bem como a cria\u00e7\u00e3o de condi\u00e7\u00f5es para que o STJ volte \u00e0 normalidade, permitindo que o Conselho Superior da Magistratura Judicial re\u00fana e tome decis\u00f5es sobre o assunto, enquanto \u00f3rg\u00e3o competente para dirimir conflitos.<\/p>\n\n\n\n<p>Ao povo guineense, o l\u00edder da ANP lan\u00e7ou o desafio de levantar a voz e exigir esclarecimentos sobre a invas\u00e3o \u00e0s instala\u00e7\u00f5es do Supremo Tribunal de Justi\u00e7a por homens com uniformes e armas.&#8221;<\/p>\n\n\n\n<p>At\u00e9 hoje n\u00e3o sabemos quem s\u00e3o, nem sabemos exatamente de onde vieram. Mas devemos dizer que aquela n\u00e3o \u00e9 a forma de resolver problemas. Por isso, aguardamos esclarecimentos por parte do Governo, com elementos sobre o que aconteceu e, se se justificar, convocaremos a Mesa na segunda-feira, 6 de novembro, e a Comiss\u00e3o Permanente, para analisar estes elementos&#8221;, referiu Domingos Sim\u00f5es Pereira, apreensivo com a situa\u00e7\u00e3o.<\/p>\n\n\n\n<figure class=\"wp-block-image size-full is-style-default\"><img decoding=\"async\" width=\"960\" height=\"540\" src=\"https:\/\/anp.gw\/wp-content\/uploads\/2023\/11\/Presidente-da-ANP-pede-esclarecimentos-2.jpg\" alt=\"\" class=\"wp-image-2878\" srcset=\"https:\/\/anp.gw\/wp-content\/uploads\/2023\/11\/Presidente-da-ANP-pede-esclarecimentos-2.jpg 960w, https:\/\/anp.gw\/wp-content\/uploads\/2023\/11\/Presidente-da-ANP-pede-esclarecimentos-2-300x169.jpg 300w, https:\/\/anp.gw\/wp-content\/uploads\/2023\/11\/Presidente-da-ANP-pede-esclarecimentos-2-768x432.jpg 768w\" sizes=\"(max-width: 960px) 100vw, 960px\" \/><\/figure>\n","protected":false},"excerpt":{"rendered":"<p>Presidente da Assembleia Nacional Popular espera que o Governo clarifique as circunst\u00e2ncias em que as For\u00e7as de Seguran\u00e7a invadiram o edif\u00edcio do Supremo Tribunal de Justi\u00e7a. De regresso ao pa\u00eds,&#8230;<\/p>\n","protected":false},"author":1,"featured_media":2877,"comment_status":"open","ping_status":"open","sticky":false,"template":"","format":"standard","meta":{"om_disable_all_campaigns":false,"_mi_skip_tracking":false,"_monsterinsights_sitenote_active":false,"_monsterinsights_sitenote_note":"","_monsterinsights_sitenote_category":0,"_kad_post_transparent":"","_kad_post_title":"","_kad_post_layout":"","_kad_post_sidebar_id":"","_kad_post_content_style":"","_kad_post_vertical_padding":"","_kad_post_feature":"","_kad_post_feature_position":"","_kad_post_header":false,"_kad_post_footer":false,"_kad_post_classname":"","footnotes":""},"categories":[10],"tags":[],"aioseo_notices":[],"_links":{"self":[{"href":"https:\/\/anp.gw\/index.php\/wp-json\/wp\/v2\/posts\/2876"}],"collection":[{"href":"https:\/\/anp.gw\/index.php\/wp-json\/wp\/v2\/posts"}],"about":[{"href":"https:\/\/anp.gw\/index.php\/wp-json\/wp\/v2\/types\/post"}],"author":[{"embeddable":true,"href":"https:\/\/anp.gw\/index.php\/wp-json\/wp\/v2\/users\/1"}],"replies":[{"embeddable":true,"href":"https:\/\/anp.gw\/index.php\/wp-json\/wp\/v2\/comments?post=2876"}],"version-history":[{"count":3,"href":"https:\/\/anp.gw\/index.php\/wp-json\/wp\/v2\/posts\/2876\/revisions"}],"predecessor-version":[{"id":2885,"href":"https:\/\/anp.gw\/index.php\/wp-json\/wp\/v2\/posts\/2876\/revisions\/2885"}],"wp:featuredmedia":[{"embeddable":true,"href":"https:\/\/anp.gw\/index.php\/wp-json\/wp\/v2\/media\/2877"}],"wp:attachment":[{"href":"https:\/\/anp.gw\/index.php\/wp-json\/wp\/v2\/media?parent=2876"}],"wp:term":[{"taxonomy":"category","embeddable":true,"href":"https:\/\/anp.gw\/index.php\/wp-json\/wp\/v2\/categories?post=2876"},{"taxonomy":"post_tag","embeddable":true,"href":"https:\/\/anp.gw\/index.php\/wp-json\/wp\/v2\/tags?post=2876"}],"curies":[{"name":"wp","href":"https:\/\/api.w.org\/{rel}","templated":true}]}}