{"id":2731,"date":"2023-08-15T16:12:00","date_gmt":"2023-08-15T16:12:00","guid":{"rendered":"https:\/\/anp.gw\/?p=2731"},"modified":"2023-08-17T00:17:55","modified_gmt":"2023-08-17T00:17:55","slug":"encontro-entre-presidente-da-anp-e-delegacao-da-sociedade-civil","status":"publish","type":"post","link":"https:\/\/anp.gw\/index.php\/2023\/08\/15\/encontro-entre-presidente-da-anp-e-delegacao-da-sociedade-civil\/","title":{"rendered":"Encontro entre Presidente da ANP e delega\u00e7\u00e3o da Sociedade Civil"},"content":{"rendered":"\n<p>O Presidente da Assembleia Nacional Popular, Domingos Sim\u00f5es Pereira, reuniu-se com a delega\u00e7\u00e3o da Sociedade Civil da Guin\u00e9-Bissau com o intuito de avaliar o Projeto do Observat\u00f3rio da Paz, que est\u00e1 a ser desenvolvido pelas estruturas membros da referida organiza\u00e7\u00e3o, tendo igualmente as duas partes passado em revista o conjunto de actividades delineadas para assinalar o Dia Internacional da Paz.<\/p>\n\n\n\n<p>Na ocasi\u00e3o, Domingos Sim\u00f5es Pereira manifestou a total disponibilidade de coopera\u00e7\u00e3o, tendo enaltecido que a colabora\u00e7\u00e3o deve prevalecer entre a sociedade civil, os \u00f3rg\u00e3os da soberania e as institui\u00e7\u00f5es p\u00fablicas.<\/p>\n\n\n\n<p>Por seu turno, Augusto M\u00e1rio da Silva, Presidente da Liga Guineense dos Direitos Humanos-LGDH e chefe da delega\u00e7\u00e3o declarou que nas legislaturas anteriores, as organiza\u00e7\u00f5es da Sociedade Civil promoveram junto da Assembleia Nacional Popular v\u00e1rios diplomas legais, alguns traduzidos em leis e muitos outros ainda est\u00e3o a aguardar a aten\u00e7\u00e3o e seguimento.<\/p>\n\n\n\n<p>O Presidente da LGDH revelou que \u00e9 not\u00f3ria a vontade pol\u00edtica do Presidente da Assembleia Nacional Popular e dos l\u00edderes das bancadas parlamentares em colaborar com a sociedade civil.<\/p>\n","protected":false},"excerpt":{"rendered":"<p>O Presidente da Assembleia Nacional Popular, Domingos Sim\u00f5es Pereira, reuniu-se com a delega\u00e7\u00e3o da Sociedade Civil da Guin\u00e9-Bissau com o intuito de avaliar o Projeto do Observat\u00f3rio da Paz, que&#8230;<\/p>\n","protected":false},"author":1,"featured_media":2732,"comment_status":"open","ping_status":"open","sticky":false,"template":"","format":"standard","meta":{"om_disable_all_campaigns":false,"_mi_skip_tracking":false,"_monsterinsights_sitenote_active":false,"_monsterinsights_sitenote_note":"","_monsterinsights_sitenote_category":0,"_kad_post_transparent":"","_kad_post_title":"","_kad_post_layout":"","_kad_post_sidebar_id":"","_kad_post_content_style":"","_kad_post_vertical_padding":"","_kad_post_feature":"","_kad_post_feature_position":"","_kad_post_header":false,"_kad_post_footer":false,"_kad_post_classname":"","footnotes":""},"categories":[10],"tags":[],"aioseo_notices":[],"_links":{"self":[{"href":"https:\/\/anp.gw\/index.php\/wp-json\/wp\/v2\/posts\/2731"}],"collection":[{"href":"https:\/\/anp.gw\/index.php\/wp-json\/wp\/v2\/posts"}],"about":[{"href":"https:\/\/anp.gw\/index.php\/wp-json\/wp\/v2\/types\/post"}],"author":[{"embeddable":true,"href":"https:\/\/anp.gw\/index.php\/wp-json\/wp\/v2\/users\/1"}],"replies":[{"embeddable":true,"href":"https:\/\/anp.gw\/index.php\/wp-json\/wp\/v2\/comments?post=2731"}],"version-history":[{"count":1,"href":"https:\/\/anp.gw\/index.php\/wp-json\/wp\/v2\/posts\/2731\/revisions"}],"predecessor-version":[{"id":2733,"href":"https:\/\/anp.gw\/index.php\/wp-json\/wp\/v2\/posts\/2731\/revisions\/2733"}],"wp:featuredmedia":[{"embeddable":true,"href":"https:\/\/anp.gw\/index.php\/wp-json\/wp\/v2\/media\/2732"}],"wp:attachment":[{"href":"https:\/\/anp.gw\/index.php\/wp-json\/wp\/v2\/media?parent=2731"}],"wp:term":[{"taxonomy":"category","embeddable":true,"href":"https:\/\/anp.gw\/index.php\/wp-json\/wp\/v2\/categories?post=2731"},{"taxonomy":"post_tag","embeddable":true,"href":"https:\/\/anp.gw\/index.php\/wp-json\/wp\/v2\/tags?post=2731"}],"curies":[{"name":"wp","href":"https:\/\/api.w.org\/{rel}","templated":true}]}}