{"id":2721,"date":"2023-08-15T10:55:00","date_gmt":"2023-08-15T10:55:00","guid":{"rendered":"https:\/\/anp.gw\/?p=2721"},"modified":"2023-08-17T00:17:15","modified_gmt":"2023-08-17T00:17:15","slug":"reativada-comissao-da-revisao-da-constituicao","status":"publish","type":"post","link":"https:\/\/anp.gw\/index.php\/2023\/08\/15\/reativada-comissao-da-revisao-da-constituicao\/","title":{"rendered":"Reativada comiss\u00e3o da revis\u00e3o da Constitui\u00e7\u00e3o"},"content":{"rendered":"\n<p>O Parlamento da Guin\u00e9-Bissau aprovou a reativa\u00e7\u00e3o da comiss\u00e3o eventual da revis\u00e3o da Constitui\u00e7\u00e3o do pa\u00eds, um processo em curso h\u00e1 v\u00e1rios anos e sempre interrompido devido \u00e0s crises pol\u00edtico-militares dos \u00faltimos anos.A reativa\u00e7\u00e3o da comiss\u00e3o da revis\u00e3o da Constitui\u00e7\u00e3o foi aprovada por unanimidade com o voto dos 96 deputados presentes na sess\u00e3o, anunciou o presidente do parlamento guineense, Domingos Sim\u00f5es Pereira, no \u00e2mbito dos trabalhos extraordin\u00e1rios do \u00f3rg\u00e3o.<\/p>\n\n\n\n<p>A comiss\u00e3o ir\u00e1 agora continuar com os trabalhos e apresentar, proximamente, um relat\u00f3rio \u00e0 plen\u00e1ria da Assembleia Nacional Popular para uma aprecia\u00e7\u00e3o &#8220;mais exaustiva&#8221;, notou Sim\u00f5es Pereira.A comiss\u00e3o eventual da revis\u00e3o constitucional \u00e9 liderada pelo jurista Lassana Seidi, do PAIGC.<\/p>\n\n\n\n<p>Seidi notou que antes da dissolu\u00e7\u00e3o do parlamento pelo Presidente Umaro Sissoco Embal\u00f3, em maio de 2022, a comiss\u00e3o j\u00e1 tinha \u201cquase pronto o novo texto constitucional\u201d que, entre outras novidades, disse ter passado de 133 artigos na Constitui\u00e7\u00e3o em vigor para 309.<\/p>\n\n\n\n<p>O presidente da comiss\u00e3o eventual da revis\u00e3o constitucional explicou aos deputados que o documento foi apresentado \u201cem todas as regi\u00f5es do pa\u00eds a todos os segmentos da sociedade\u201d para aprecia\u00e7\u00e3o.Lassana Seidi adiantou que o documento apenas n\u00e3o foi apresentado \u00e0 comunidade guineense na di\u00e1spora, por falta de meios.\u201c<\/p>\n\n\n\n<p>O trabalho est\u00e1 quase feito na sua totalidade, mas ainda n\u00e3o terminou porque ainda n\u00e3o foi aprovado pelos deputados ao parlamento\u201d, declarou Seidi, esclarecendo que a sua comiss\u00e3o trabalhou na revis\u00e3o da Constitui\u00e7\u00e3o, \u201cmas n\u00e3o na cria\u00e7\u00e3o de um novo texto\u201d.O jurista afirmou que aquele trabalho tamb\u00e9m contou com a assessoria de \u201cgrandes professores constitucionalistas portugueses\u201d que ajudaram na \u201cafina\u00e7\u00e3o da l\u00edngua portuguesa e na sistematiza\u00e7\u00e3o do texto\u201d.<\/p>\n\n\n\n<p>Lassana Seidi afirmou que o pa\u00eds est\u00e1 desde 1997 a tentar rever a sua Constitui\u00e7\u00e3o, mas que \u201c\u00e9 chegada a hora\u201d de ser adotada um novo texto, disse.O novo parlamento guineense, que entrou em fun\u00e7\u00f5es no passado dia 27 de julho, dever\u00e1 retomar os trabalhos no final do m\u00eas de Agosto, desta feita para apreciar o programa do novo Governo e o Or\u00e7amento Geral de Estado.<\/p>\n","protected":false},"excerpt":{"rendered":"<p>O Parlamento da Guin\u00e9-Bissau aprovou a reativa\u00e7\u00e3o da comiss\u00e3o eventual da revis\u00e3o da Constitui\u00e7\u00e3o do pa\u00eds, um processo em curso h\u00e1 v\u00e1rios anos e sempre interrompido devido \u00e0s crises pol\u00edtico-militares&#8230;<\/p>\n","protected":false},"author":1,"featured_media":2722,"comment_status":"open","ping_status":"open","sticky":false,"template":"","format":"standard","meta":{"om_disable_all_campaigns":false,"_mi_skip_tracking":false,"_monsterinsights_sitenote_active":false,"_monsterinsights_sitenote_note":"","_monsterinsights_sitenote_category":0,"_kad_post_transparent":"","_kad_post_title":"","_kad_post_layout":"","_kad_post_sidebar_id":"","_kad_post_content_style":"","_kad_post_vertical_padding":"","_kad_post_feature":"","_kad_post_feature_position":"","_kad_post_header":false,"_kad_post_footer":false,"_kad_post_classname":"","footnotes":""},"categories":[10],"tags":[],"aioseo_notices":[],"_links":{"self":[{"href":"https:\/\/anp.gw\/index.php\/wp-json\/wp\/v2\/posts\/2721"}],"collection":[{"href":"https:\/\/anp.gw\/index.php\/wp-json\/wp\/v2\/posts"}],"about":[{"href":"https:\/\/anp.gw\/index.php\/wp-json\/wp\/v2\/types\/post"}],"author":[{"embeddable":true,"href":"https:\/\/anp.gw\/index.php\/wp-json\/wp\/v2\/users\/1"}],"replies":[{"embeddable":true,"href":"https:\/\/anp.gw\/index.php\/wp-json\/wp\/v2\/comments?post=2721"}],"version-history":[{"count":2,"href":"https:\/\/anp.gw\/index.php\/wp-json\/wp\/v2\/posts\/2721\/revisions"}],"predecessor-version":[{"id":2725,"href":"https:\/\/anp.gw\/index.php\/wp-json\/wp\/v2\/posts\/2721\/revisions\/2725"}],"wp:featuredmedia":[{"embeddable":true,"href":"https:\/\/anp.gw\/index.php\/wp-json\/wp\/v2\/media\/2722"}],"wp:attachment":[{"href":"https:\/\/anp.gw\/index.php\/wp-json\/wp\/v2\/media?parent=2721"}],"wp:term":[{"taxonomy":"category","embeddable":true,"href":"https:\/\/anp.gw\/index.php\/wp-json\/wp\/v2\/categories?post=2721"},{"taxonomy":"post_tag","embeddable":true,"href":"https:\/\/anp.gw\/index.php\/wp-json\/wp\/v2\/tags?post=2721"}],"curies":[{"name":"wp","href":"https:\/\/api.w.org\/{rel}","templated":true}]}}