{"id":2669,"date":"2023-08-13T11:34:00","date_gmt":"2023-08-13T11:34:00","guid":{"rendered":"https:\/\/anp.gw\/?p=2669"},"modified":"2023-08-15T11:57:49","modified_gmt":"2023-08-15T11:57:49","slug":"audiencias-do-panp","status":"publish","type":"post","link":"https:\/\/anp.gw\/index.php\/2023\/08\/13\/audiencias-do-panp\/","title":{"rendered":"Audi\u00eancias do PANP"},"content":{"rendered":"\n<p>O Presidente da Assembleia Nacional Popular, Domingos Sim\u00f5es Pereira recebeu em audi\u00eancias separadas, o Coordenador Residente do Sistema das Na\u00e7\u00f5es Unidas na Guin\u00e9-Bissau e a nova Representante do PNUD no nosso pa\u00eds, respetivamente Anthony Ohemeng-Boamah e Alessandra CasazzaNo decorrer da audi\u00eancia, os dois diplomatas reafirmaram a disponibilidade da ONU em continuar apoiar e acompanhar o normal funcionamento do Parlamento guineense.<\/p>\n\n\n\n<figure class=\"wp-block-gallery columns-2 is-cropped wp-block-gallery-1 is-layout-flex wp-block-gallery-is-layout-flex\"><ul class=\"blocks-gallery-grid\"><li class=\"blocks-gallery-item\"><figure><img decoding=\"async\" width=\"1024\" height=\"576\" src=\"http:\/\/anp.gw\/wp-content\/uploads\/2023\/08\/PANP3-1024x576.jpg\" alt=\"\" data-id=\"2672\" data-full-url=\"http:\/\/anp.gw\/wp-content\/uploads\/2023\/08\/PANP3.jpg\" data-link=\"https:\/\/anp.gw\/?attachment_id=2672\" class=\"wp-image-2672\" srcset=\"https:\/\/anp.gw\/wp-content\/uploads\/2023\/08\/PANP3-1024x576.jpg 1024w, https:\/\/anp.gw\/wp-content\/uploads\/2023\/08\/PANP3-300x169.jpg 300w, https:\/\/anp.gw\/wp-content\/uploads\/2023\/08\/PANP3-768x432.jpg 768w, https:\/\/anp.gw\/wp-content\/uploads\/2023\/08\/PANP3.jpg 1280w\" sizes=\"(max-width: 1024px) 100vw, 1024px\" \/><\/figure><\/li><li class=\"blocks-gallery-item\"><figure><img decoding=\"async\" width=\"1008\" height=\"567\" src=\"http:\/\/anp.gw\/wp-content\/uploads\/2023\/08\/PANP2.jpg\" alt=\"\" data-id=\"2671\" data-full-url=\"http:\/\/anp.gw\/wp-content\/uploads\/2023\/08\/PANP2.jpg\" data-link=\"https:\/\/anp.gw\/?attachment_id=2671\" class=\"wp-image-2671\" srcset=\"https:\/\/anp.gw\/wp-content\/uploads\/2023\/08\/PANP2.jpg 1008w, https:\/\/anp.gw\/wp-content\/uploads\/2023\/08\/PANP2-300x169.jpg 300w, https:\/\/anp.gw\/wp-content\/uploads\/2023\/08\/PANP2-768x432.jpg 768w\" sizes=\"(max-width: 1008px) 100vw, 1008px\" \/><\/figure><\/li><\/ul><\/figure>\n","protected":false},"excerpt":{"rendered":"<p>O Presidente da Assembleia Nacional Popular, Domingos Sim\u00f5es Pereira recebeu em audi\u00eancias separadas, o Coordenador Residente do Sistema das Na\u00e7\u00f5es Unidas na Guin\u00e9-Bissau e a nova Representante do PNUD no&#8230;<\/p>\n","protected":false},"author":1,"featured_media":2670,"comment_status":"open","ping_status":"open","sticky":false,"template":"","format":"standard","meta":{"om_disable_all_campaigns":false,"_mi_skip_tracking":false,"_monsterinsights_sitenote_active":false,"_monsterinsights_sitenote_note":"","_monsterinsights_sitenote_category":0,"_kad_post_transparent":"","_kad_post_title":"","_kad_post_layout":"","_kad_post_sidebar_id":"","_kad_post_content_style":"","_kad_post_vertical_padding":"","_kad_post_feature":"","_kad_post_feature_position":"","_kad_post_header":false,"_kad_post_footer":false,"_kad_post_classname":"","footnotes":""},"categories":[10,12],"tags":[],"aioseo_notices":[],"_links":{"self":[{"href":"https:\/\/anp.gw\/index.php\/wp-json\/wp\/v2\/posts\/2669"}],"collection":[{"href":"https:\/\/anp.gw\/index.php\/wp-json\/wp\/v2\/posts"}],"about":[{"href":"https:\/\/anp.gw\/index.php\/wp-json\/wp\/v2\/types\/post"}],"author":[{"embeddable":true,"href":"https:\/\/anp.gw\/index.php\/wp-json\/wp\/v2\/users\/1"}],"replies":[{"embeddable":true,"href":"https:\/\/anp.gw\/index.php\/wp-json\/wp\/v2\/comments?post=2669"}],"version-history":[{"count":1,"href":"https:\/\/anp.gw\/index.php\/wp-json\/wp\/v2\/posts\/2669\/revisions"}],"predecessor-version":[{"id":2673,"href":"https:\/\/anp.gw\/index.php\/wp-json\/wp\/v2\/posts\/2669\/revisions\/2673"}],"wp:featuredmedia":[{"embeddable":true,"href":"https:\/\/anp.gw\/index.php\/wp-json\/wp\/v2\/media\/2670"}],"wp:attachment":[{"href":"https:\/\/anp.gw\/index.php\/wp-json\/wp\/v2\/media?parent=2669"}],"wp:term":[{"taxonomy":"category","embeddable":true,"href":"https:\/\/anp.gw\/index.php\/wp-json\/wp\/v2\/categories?post=2669"},{"taxonomy":"post_tag","embeddable":true,"href":"https:\/\/anp.gw\/index.php\/wp-json\/wp\/v2\/tags?post=2669"}],"curies":[{"name":"wp","href":"https:\/\/api.w.org\/{rel}","templated":true}]}}