{"id":2663,"date":"2023-08-13T11:29:00","date_gmt":"2023-08-13T11:29:00","guid":{"rendered":"https:\/\/anp.gw\/?p=2663"},"modified":"2023-08-15T11:58:06","modified_gmt":"2023-08-15T11:58:06","slug":"comissao-ah-hoc-da-anp-apura-causa-da-morte-em-cacine","status":"publish","type":"post","link":"https:\/\/anp.gw\/index.php\/2023\/08\/13\/comissao-ah-hoc-da-anp-apura-causa-da-morte-em-cacine\/","title":{"rendered":"Comiss\u00e3o Ah Hoc da ANP apura causa da morte em Cacine"},"content":{"rendered":"\n<p>Deslocou-se a Cacine a delega\u00e7\u00e3o da Comiss\u00e3o Ad Hoc criada pela Assembleia Nacional Popular para apurar as circunst\u00e2ncias da morte de um jovem da regi\u00e3o, alegadamente espancado por agentes da pol\u00edcia da localidade de Camcond\u00e9.O encontro com as autoridades administrativas locais, associa\u00e7\u00e3o de filhos de Cacine visou inteirar-se sobre as causas da morte de um jovem de 20 anos \u00e0s m\u00e3os das autoridades da Guarda Nacional do sector de Cacine, concretamente na localidade de Camcond\u00e9.<\/p>\n\n\n\n<figure class=\"wp-block-gallery columns-3 is-cropped wp-block-gallery-1 is-layout-flex wp-block-gallery-is-layout-flex\"><ul class=\"blocks-gallery-grid\"><li class=\"blocks-gallery-item\"><figure><img decoding=\"async\" width=\"1024\" height=\"768\" src=\"http:\/\/anp.gw\/wp-content\/uploads\/2023\/08\/Cacine2-1024x768.jpg\" alt=\"\" data-id=\"2665\" data-full-url=\"http:\/\/anp.gw\/wp-content\/uploads\/2023\/08\/Cacine2.jpg\" data-link=\"https:\/\/anp.gw\/?attachment_id=2665\" class=\"wp-image-2665\" srcset=\"https:\/\/anp.gw\/wp-content\/uploads\/2023\/08\/Cacine2-1024x768.jpg 1024w, https:\/\/anp.gw\/wp-content\/uploads\/2023\/08\/Cacine2-300x225.jpg 300w, https:\/\/anp.gw\/wp-content\/uploads\/2023\/08\/Cacine2-768x576.jpg 768w, https:\/\/anp.gw\/wp-content\/uploads\/2023\/08\/Cacine2-320x240.jpg 320w, https:\/\/anp.gw\/wp-content\/uploads\/2023\/08\/Cacine2.jpg 1040w\" sizes=\"(max-width: 1024px) 100vw, 1024px\" \/><\/figure><\/li><li class=\"blocks-gallery-item\"><figure><img decoding=\"async\" width=\"768\" height=\"1024\" src=\"http:\/\/anp.gw\/wp-content\/uploads\/2023\/08\/Cacine3-768x1024.jpg\" alt=\"\" data-id=\"2666\" data-full-url=\"http:\/\/anp.gw\/wp-content\/uploads\/2023\/08\/Cacine3.jpg\" data-link=\"https:\/\/anp.gw\/?attachment_id=2666\" class=\"wp-image-2666\" srcset=\"https:\/\/anp.gw\/wp-content\/uploads\/2023\/08\/Cacine3-768x1024.jpg 768w, https:\/\/anp.gw\/wp-content\/uploads\/2023\/08\/Cacine3-225x300.jpg 225w, https:\/\/anp.gw\/wp-content\/uploads\/2023\/08\/Cacine3.jpg 780w\" sizes=\"(max-width: 768px) 100vw, 768px\" \/><\/figure><\/li><li class=\"blocks-gallery-item\"><figure><img decoding=\"async\" width=\"768\" height=\"1024\" src=\"http:\/\/anp.gw\/wp-content\/uploads\/2023\/08\/Cacine4-768x1024.jpg\" alt=\"\" data-id=\"2667\" data-full-url=\"http:\/\/anp.gw\/wp-content\/uploads\/2023\/08\/Cacine4.jpg\" data-link=\"https:\/\/anp.gw\/?attachment_id=2667\" class=\"wp-image-2667\" srcset=\"https:\/\/anp.gw\/wp-content\/uploads\/2023\/08\/Cacine4-768x1024.jpg 768w, https:\/\/anp.gw\/wp-content\/uploads\/2023\/08\/Cacine4-225x300.jpg 225w, https:\/\/anp.gw\/wp-content\/uploads\/2023\/08\/Cacine4.jpg 780w\" sizes=\"(max-width: 768px) 100vw, 768px\" \/><\/figure><\/li><\/ul><\/figure>\n","protected":false},"excerpt":{"rendered":"<p>Deslocou-se a Cacine a delega\u00e7\u00e3o da Comiss\u00e3o Ad Hoc criada pela Assembleia Nacional Popular para apurar as circunst\u00e2ncias da morte de um jovem da regi\u00e3o, alegadamente espancado por agentes da&#8230;<\/p>\n","protected":false},"author":1,"featured_media":2664,"comment_status":"open","ping_status":"open","sticky":false,"template":"","format":"standard","meta":{"om_disable_all_campaigns":false,"_mi_skip_tracking":false,"_monsterinsights_sitenote_active":false,"_monsterinsights_sitenote_note":"","_monsterinsights_sitenote_category":0,"_kad_post_transparent":"","_kad_post_title":"","_kad_post_layout":"","_kad_post_sidebar_id":"","_kad_post_content_style":"","_kad_post_vertical_padding":"","_kad_post_feature":"","_kad_post_feature_position":"","_kad_post_header":false,"_kad_post_footer":false,"_kad_post_classname":"","footnotes":""},"categories":[10],"tags":[],"aioseo_notices":[],"_links":{"self":[{"href":"https:\/\/anp.gw\/index.php\/wp-json\/wp\/v2\/posts\/2663"}],"collection":[{"href":"https:\/\/anp.gw\/index.php\/wp-json\/wp\/v2\/posts"}],"about":[{"href":"https:\/\/anp.gw\/index.php\/wp-json\/wp\/v2\/types\/post"}],"author":[{"embeddable":true,"href":"https:\/\/anp.gw\/index.php\/wp-json\/wp\/v2\/users\/1"}],"replies":[{"embeddable":true,"href":"https:\/\/anp.gw\/index.php\/wp-json\/wp\/v2\/comments?post=2663"}],"version-history":[{"count":1,"href":"https:\/\/anp.gw\/index.php\/wp-json\/wp\/v2\/posts\/2663\/revisions"}],"predecessor-version":[{"id":2668,"href":"https:\/\/anp.gw\/index.php\/wp-json\/wp\/v2\/posts\/2663\/revisions\/2668"}],"wp:featuredmedia":[{"embeddable":true,"href":"https:\/\/anp.gw\/index.php\/wp-json\/wp\/v2\/media\/2664"}],"wp:attachment":[{"href":"https:\/\/anp.gw\/index.php\/wp-json\/wp\/v2\/media?parent=2663"}],"wp:term":[{"taxonomy":"category","embeddable":true,"href":"https:\/\/anp.gw\/index.php\/wp-json\/wp\/v2\/categories?post=2663"},{"taxonomy":"post_tag","embeddable":true,"href":"https:\/\/anp.gw\/index.php\/wp-json\/wp\/v2\/tags?post=2663"}],"curies":[{"name":"wp","href":"https:\/\/api.w.org\/{rel}","templated":true}]}}