{"id":2603,"date":"2023-08-04T13:50:00","date_gmt":"2023-08-04T13:50:00","guid":{"rendered":"https:\/\/anp.gw\/?p=2603"},"modified":"2023-08-15T11:58:30","modified_gmt":"2023-08-15T11:58:30","slug":"anp-recebe-embaixador-da-uniao-europeia","status":"publish","type":"post","link":"https:\/\/anp.gw\/index.php\/2023\/08\/04\/anp-recebe-embaixador-da-uniao-europeia\/","title":{"rendered":"ANP recebe embaixador da Uni\u00e3o Europeia"},"content":{"rendered":"\n<p>O Presidente da Assembleia Nacional Popular (ANP), Domingos Sim\u00f5es Pereira recebeu em audi\u00eancia no Pal\u00e1cio Colinas do Bo\u00e9 uma delega\u00e7\u00e3o da representa\u00e7\u00e3o da Uni\u00e3o Europeia, chefiada pelo embaixador Artis Bertulis. No decorrer da audi\u00eancia, foi passada em revista a coopera\u00e7\u00e3o entre a UE e a ANP, tendo o representante da Uni\u00e3o Europeia reafirmado a vontade daquela organiza\u00e7\u00e3o em apoiar o desenvolvimento do nosso pa\u00eds.<\/p>\n\n\n\n<figure class=\"wp-block-image size-large\"><img decoding=\"async\" width=\"1024\" height=\"768\" src=\"http:\/\/anp.gw\/wp-content\/uploads\/2023\/08\/363367722_614976427501445_3770826010243264456_n-1024x768.jpg\" alt=\"\" class=\"wp-image-2604\" srcset=\"https:\/\/anp.gw\/wp-content\/uploads\/2023\/08\/363367722_614976427501445_3770826010243264456_n-1024x768.jpg 1024w, https:\/\/anp.gw\/wp-content\/uploads\/2023\/08\/363367722_614976427501445_3770826010243264456_n-300x225.jpg 300w, https:\/\/anp.gw\/wp-content\/uploads\/2023\/08\/363367722_614976427501445_3770826010243264456_n-768x576.jpg 768w, https:\/\/anp.gw\/wp-content\/uploads\/2023\/08\/363367722_614976427501445_3770826010243264456_n-320x240.jpg 320w, https:\/\/anp.gw\/wp-content\/uploads\/2023\/08\/363367722_614976427501445_3770826010243264456_n.jpg 1156w\" sizes=\"(max-width: 1024px) 100vw, 1024px\" \/><\/figure>\n","protected":false},"excerpt":{"rendered":"<p>O Presidente da Assembleia Nacional Popular (ANP), Domingos Sim\u00f5es Pereira recebeu em audi\u00eancia no Pal\u00e1cio Colinas do Bo\u00e9 uma delega\u00e7\u00e3o da representa\u00e7\u00e3o da Uni\u00e3o Europeia, chefiada pelo embaixador Artis Bertulis&#8230;.<\/p>\n","protected":false},"author":1,"featured_media":2605,"comment_status":"open","ping_status":"open","sticky":false,"template":"","format":"standard","meta":{"om_disable_all_campaigns":false,"_mi_skip_tracking":false,"_monsterinsights_sitenote_active":false,"_monsterinsights_sitenote_note":"","_monsterinsights_sitenote_category":0,"_kad_post_transparent":"","_kad_post_title":"","_kad_post_layout":"","_kad_post_sidebar_id":"","_kad_post_content_style":"","_kad_post_vertical_padding":"","_kad_post_feature":"","_kad_post_feature_position":"","_kad_post_header":false,"_kad_post_footer":false,"_kad_post_classname":"","footnotes":""},"categories":[10,12],"tags":[],"aioseo_notices":[],"_links":{"self":[{"href":"https:\/\/anp.gw\/index.php\/wp-json\/wp\/v2\/posts\/2603"}],"collection":[{"href":"https:\/\/anp.gw\/index.php\/wp-json\/wp\/v2\/posts"}],"about":[{"href":"https:\/\/anp.gw\/index.php\/wp-json\/wp\/v2\/types\/post"}],"author":[{"embeddable":true,"href":"https:\/\/anp.gw\/index.php\/wp-json\/wp\/v2\/users\/1"}],"replies":[{"embeddable":true,"href":"https:\/\/anp.gw\/index.php\/wp-json\/wp\/v2\/comments?post=2603"}],"version-history":[{"count":1,"href":"https:\/\/anp.gw\/index.php\/wp-json\/wp\/v2\/posts\/2603\/revisions"}],"predecessor-version":[{"id":2606,"href":"https:\/\/anp.gw\/index.php\/wp-json\/wp\/v2\/posts\/2603\/revisions\/2606"}],"wp:featuredmedia":[{"embeddable":true,"href":"https:\/\/anp.gw\/index.php\/wp-json\/wp\/v2\/media\/2605"}],"wp:attachment":[{"href":"https:\/\/anp.gw\/index.php\/wp-json\/wp\/v2\/media?parent=2603"}],"wp:term":[{"taxonomy":"category","embeddable":true,"href":"https:\/\/anp.gw\/index.php\/wp-json\/wp\/v2\/categories?post=2603"},{"taxonomy":"post_tag","embeddable":true,"href":"https:\/\/anp.gw\/index.php\/wp-json\/wp\/v2\/tags?post=2603"}],"curies":[{"name":"wp","href":"https:\/\/api.w.org\/{rel}","templated":true}]}}