{"id":2596,"date":"2023-08-01T12:02:00","date_gmt":"2023-08-01T12:02:00","guid":{"rendered":"https:\/\/anp.gw\/?p=2596"},"modified":"2023-08-15T11:58:47","modified_gmt":"2023-08-15T11:58:47","slug":"comissao-permanente-da-anp-realiza-primeira-reuniao","status":"publish","type":"post","link":"https:\/\/anp.gw\/index.php\/2023\/08\/01\/comissao-permanente-da-anp-realiza-primeira-reuniao\/","title":{"rendered":"Comiss\u00e3o Permanente da ANP realiza primeira reuni\u00e3o"},"content":{"rendered":"\n<p>Sob a presid\u00eancia de Domingos Sim\u00f5es Pereira, presidente do parlamento guineense, a Comiss\u00e3o Permanente da ANP realizou a sua primeira reuni\u00e3o depois da tomada de posse dos deputados.Durante a reuni\u00e3o, foi aprovada a proposta da agenda da primeira sess\u00e3o extraordin\u00e1ria da ANP que ter\u00e1 lugar nos dias 8 e 9 de Agosto.Assim, no decorrer da sua pr\u00f3xima sess\u00e3o plen\u00e1ria, os deputados debru\u00e7ar-se-\u00e3o sobre a elei\u00e7\u00e3o dos membros do Conselho de Administra\u00e7\u00e3o bem como sobre as reactiva\u00e7\u00f5es das seguintes comiss\u00f5es:Comiss\u00e3o Eventual para a Reforma do Parlamento;Comiss\u00e3o Organizadora da Confer\u00eancia Nacional \u201cCaminhos para a Consolida\u00e7\u00e3o da Paz e Desenvolvimento\u201d;Comiss\u00e3o Eventual para a Revis\u00e3o Constitucional;Comiss\u00e3o Eventual Multissectorial para Levantamento das Necessidades Legislativas.A Comiss\u00e3o Permanente decidiu ainda incluir na agenda da pr\u00f3xima sess\u00e3o extraordin\u00e1ria a cria\u00e7\u00e3o de grupos de amizade.Foi igualmente autorizada a constitui\u00e7\u00e3o de uma comiss\u00e3o para a prepara\u00e7\u00e3o de uma sess\u00e3o especial alusiva ao Dia do Constituinte que celebra os 50 anos de cria\u00e7\u00e3o da Assembleia Nacional Popular a 23 de Setembro pr\u00f3ximo.<\/p>\n\n\n\n<figure class=\"wp-block-image size-large\"><img decoding=\"async\" width=\"1024\" height=\"449\" src=\"http:\/\/anp.gw\/wp-content\/uploads\/2023\/08\/364802893_613189201013501_8699422511738279661_n-1024x449.jpg\" alt=\"\" class=\"wp-image-2601\" srcset=\"https:\/\/anp.gw\/wp-content\/uploads\/2023\/08\/364802893_613189201013501_8699422511738279661_n-1024x449.jpg 1024w, https:\/\/anp.gw\/wp-content\/uploads\/2023\/08\/364802893_613189201013501_8699422511738279661_n-300x132.jpg 300w, https:\/\/anp.gw\/wp-content\/uploads\/2023\/08\/364802893_613189201013501_8699422511738279661_n-768x337.jpg 768w, https:\/\/anp.gw\/wp-content\/uploads\/2023\/08\/364802893_613189201013501_8699422511738279661_n.jpg 1080w\" sizes=\"(max-width: 1024px) 100vw, 1024px\" \/><\/figure>\n","protected":false},"excerpt":{"rendered":"<p>Sob a presid\u00eancia de Domingos Sim\u00f5es Pereira, presidente do parlamento guineense, a Comiss\u00e3o Permanente da ANP realizou a sua primeira reuni\u00e3o depois da tomada de posse dos deputados.Durante a reuni\u00e3o,&#8230;<\/p>\n","protected":false},"author":1,"featured_media":2600,"comment_status":"open","ping_status":"open","sticky":false,"template":"","format":"standard","meta":{"om_disable_all_campaigns":false,"_mi_skip_tracking":false,"_monsterinsights_sitenote_active":false,"_monsterinsights_sitenote_note":"","_monsterinsights_sitenote_category":0,"_kad_post_transparent":"","_kad_post_title":"","_kad_post_layout":"","_kad_post_sidebar_id":"","_kad_post_content_style":"","_kad_post_vertical_padding":"","_kad_post_feature":"","_kad_post_feature_position":"","_kad_post_header":false,"_kad_post_footer":false,"_kad_post_classname":"","footnotes":""},"categories":[11,13],"tags":[],"aioseo_notices":[],"_links":{"self":[{"href":"https:\/\/anp.gw\/index.php\/wp-json\/wp\/v2\/posts\/2596"}],"collection":[{"href":"https:\/\/anp.gw\/index.php\/wp-json\/wp\/v2\/posts"}],"about":[{"href":"https:\/\/anp.gw\/index.php\/wp-json\/wp\/v2\/types\/post"}],"author":[{"embeddable":true,"href":"https:\/\/anp.gw\/index.php\/wp-json\/wp\/v2\/users\/1"}],"replies":[{"embeddable":true,"href":"https:\/\/anp.gw\/index.php\/wp-json\/wp\/v2\/comments?post=2596"}],"version-history":[{"count":1,"href":"https:\/\/anp.gw\/index.php\/wp-json\/wp\/v2\/posts\/2596\/revisions"}],"predecessor-version":[{"id":2602,"href":"https:\/\/anp.gw\/index.php\/wp-json\/wp\/v2\/posts\/2596\/revisions\/2602"}],"wp:featuredmedia":[{"embeddable":true,"href":"https:\/\/anp.gw\/index.php\/wp-json\/wp\/v2\/media\/2600"}],"wp:attachment":[{"href":"https:\/\/anp.gw\/index.php\/wp-json\/wp\/v2\/media?parent=2596"}],"wp:term":[{"taxonomy":"category","embeddable":true,"href":"https:\/\/anp.gw\/index.php\/wp-json\/wp\/v2\/categories?post=2596"},{"taxonomy":"post_tag","embeddable":true,"href":"https:\/\/anp.gw\/index.php\/wp-json\/wp\/v2\/tags?post=2596"}],"curies":[{"name":"wp","href":"https:\/\/api.w.org\/{rel}","templated":true}]}}