{"id":2594,"date":"2023-07-28T16:43:00","date_gmt":"2023-07-28T16:43:00","guid":{"rendered":"https:\/\/anp.gw\/?p=2594"},"modified":"2023-08-15T11:59:04","modified_gmt":"2023-08-15T11:59:04","slug":"domingos-simoes-pereira-quer-um-parlamento-proximo-dos-cidadaos","status":"publish","type":"post","link":"https:\/\/anp.gw\/index.php\/2023\/07\/28\/domingos-simoes-pereira-quer-um-parlamento-proximo-dos-cidadaos\/","title":{"rendered":"Domingos Sim\u00f5es Pereira quer um parlamento pr\u00f3ximo dos cidad\u00e3os"},"content":{"rendered":"\n<p>\u201cPor mais que tenham sido capazes de legislar, a legisla\u00e7\u00e3o nunca ser\u00e1 suficiente para substituir o homem\u201d. Foi com esta cita\u00e7\u00e3o da sua professora de ci\u00eancia pol\u00edtica, que o novo Presidente da ANP deu in\u00edcio ao seu discurso de encerramento da primeira sess\u00e3o da ANP, que marcou o come\u00e7o dos trabalhos dos novos deputados eleitos nas \u00faltimas elei\u00e7\u00f5es legislativas de 4 de junho e que foram investidos para um mandato de 4 anos no dia 27 de Julho.Domingos Sim\u00f5es Pereira assegurou que, se depender apenas de si e com o apoio de todos, a d\u00e9cima primeira legislatura ser\u00e1 o exemplo de estabilidade no relacionamento entre as institui\u00e7\u00f5es da Rep\u00fablica.O rec\u00e9m-empossado Presidente da Assembleia Nacional Popular do assegurou que o Parlamento s\u00f3 ser\u00e1 digno das suas fun\u00e7\u00f5es constitucionais, se for capaz de afirmar a sua identidade pr\u00f3pria e restabelecer a confian\u00e7a no povo guineense. Alertou que esse desafio tem de contar com os esfor\u00e7os conjugados de todos os parlamentares, funcion\u00e1rios da ANP e dele pr\u00f3prio, para se conseguir uma intera\u00e7\u00e3o permanente com o povo que \u201crepresentamos, uma coopera\u00e7\u00e3o positiva com as demais institui\u00e7\u00f5es da Rep\u00fablica da Guin\u00e9-Bissau e conjuga\u00e7\u00e3o cabal de todas das sinergias\u201d. Sem descurar da necessidade de implementar reformas estruturantes, por ser not\u00f3rio um vazio de legisla\u00e7\u00e3o nos setores importantes da vida social do pa\u00eds, lembrou que a express\u00e3o firme e contundente manifestada pelos cidad\u00e3os nas elei\u00e7\u00f5es de 4 de junho que legitimam a escolha dos deputados \u00e0 Assembleia Nacional Popular, nesta d\u00e9cima primeira legislatura, deve ser recebida como s\u00edmbolo de um despertar para a realidade que hoje se vive no pa\u00eds bem como uma aten\u00e7\u00e3o cuidada e uma resposta serena dos deputados.\u201cSegundo o nosso sistema, o Parlamento \u00e9 um bar\u00f4metro de confian\u00e7a pol\u00edtica para toda a sociedade, enquanto entidade respons\u00e1vel para assegurar a boa distribui\u00e7\u00e3o da riqueza nacional a favor de todos\u201d, indicou, para de seguida alertar que as preocupa\u00e7\u00f5es que chegam de todos os quadrantes obrigam os deputados a estarem vigilantes, atentos \u00e0 marcha governativa e promotores da observ\u00e2ncia dos direitos fundamentais dos cidad\u00e3os.Domingos Sim\u00f5es Pereira lembrou que \u201ctemos que ter consci\u00eancia de que \u00e9 da Assembleia Nacional Popular que sai o governo. A nossa a\u00e7\u00e3o de fiscaliza\u00e7\u00e3o n\u00e3o termina com a simples identifica\u00e7\u00e3o do que anda mal. Temos que ir atr\u00e1s, diagnosticar, acompanhar, fiscalizar, controlar e fazer acontecer na Guin\u00e9-Bissau\u201d. O novo Presidente do Parlamento guineense, anunciou que ANP vai apostar na pol\u00edtica de aproxima\u00e7\u00e3o aos eleitores, abrindo as sess\u00f5es e os trabalhos parlamentares a todas as regi\u00f5es da Guin\u00e9-Bissau para cumprir o dever de contato estreito e a presta\u00e7\u00e3o de contas aos cidad\u00e3os, porque \u201ceste Parlamento s\u00f3 \u00e9 Parlamento, se o povo se rever na atua\u00e7\u00e3o dos seus membros\u201d. Neste particular, Domingos Sim\u00f5es Pereira, desafiou o Coordenador Nacional do Movimento para a Altern\u00e2ncia Democr\u00e1tica (MADEN-G 15), Braima Camar\u00e1, a trabalhar no sentido de ajudar a criar os grandes consensos e promover a saud\u00e1vel participa\u00e7\u00e3o ativa de todos na tomada de decis\u00f5es, sobretudo nas discuss\u00f5es de grandes assuntos de interesse nacional. Com os olhos postos no combate \u00e0 pobreza e subdesenvolvimento, Sim\u00f5es Pereira afirma que o caminho para erradicar a fome, a pobreza e a inseguran\u00e7a alimentar, deve ser a primeira aposta dos deputados e da sociedade em geral, tendo assegurado que a integra\u00e7\u00e3o da Guin\u00e9-Bissau nas organiza\u00e7\u00f5es parlamentares internacionais ser\u00e1 devidamente aproveitada para conceder ganhos ao pa\u00eds e servir de fonte para adquirir melhores pr\u00e1ticas parlamentares, com vista a um excelente e prof\u00edcuo desempenho da institui\u00e7\u00e3o e da Guin\u00e9-Bissau.<\/p>\n","protected":false},"excerpt":{"rendered":"<p>\u201cPor mais que tenham sido capazes de legislar, a legisla\u00e7\u00e3o nunca ser\u00e1 suficiente para substituir o homem\u201d. Foi com esta cita\u00e7\u00e3o da sua professora de ci\u00eancia pol\u00edtica, que o novo&#8230;<\/p>\n","protected":false},"author":1,"featured_media":2591,"comment_status":"open","ping_status":"open","sticky":false,"template":"","format":"standard","meta":{"om_disable_all_campaigns":false,"_mi_skip_tracking":false,"_monsterinsights_sitenote_active":false,"_monsterinsights_sitenote_note":"","_monsterinsights_sitenote_category":0,"_kad_post_transparent":"","_kad_post_title":"","_kad_post_layout":"","_kad_post_sidebar_id":"","_kad_post_content_style":"","_kad_post_vertical_padding":"","_kad_post_feature":"","_kad_post_feature_position":"","_kad_post_header":false,"_kad_post_footer":false,"_kad_post_classname":"","footnotes":""},"categories":[10],"tags":[],"aioseo_notices":[],"_links":{"self":[{"href":"https:\/\/anp.gw\/index.php\/wp-json\/wp\/v2\/posts\/2594"}],"collection":[{"href":"https:\/\/anp.gw\/index.php\/wp-json\/wp\/v2\/posts"}],"about":[{"href":"https:\/\/anp.gw\/index.php\/wp-json\/wp\/v2\/types\/post"}],"author":[{"embeddable":true,"href":"https:\/\/anp.gw\/index.php\/wp-json\/wp\/v2\/users\/1"}],"replies":[{"embeddable":true,"href":"https:\/\/anp.gw\/index.php\/wp-json\/wp\/v2\/comments?post=2594"}],"version-history":[{"count":1,"href":"https:\/\/anp.gw\/index.php\/wp-json\/wp\/v2\/posts\/2594\/revisions"}],"predecessor-version":[{"id":2595,"href":"https:\/\/anp.gw\/index.php\/wp-json\/wp\/v2\/posts\/2594\/revisions\/2595"}],"wp:featuredmedia":[{"embeddable":true,"href":"https:\/\/anp.gw\/index.php\/wp-json\/wp\/v2\/media\/2591"}],"wp:attachment":[{"href":"https:\/\/anp.gw\/index.php\/wp-json\/wp\/v2\/media?parent=2594"}],"wp:term":[{"taxonomy":"category","embeddable":true,"href":"https:\/\/anp.gw\/index.php\/wp-json\/wp\/v2\/categories?post=2594"},{"taxonomy":"post_tag","embeddable":true,"href":"https:\/\/anp.gw\/index.php\/wp-json\/wp\/v2\/tags?post=2594"}],"curies":[{"name":"wp","href":"https:\/\/api.w.org\/{rel}","templated":true}]}}