{"id":2588,"date":"2023-07-28T15:40:00","date_gmt":"2023-07-28T15:40:00","guid":{"rendered":"https:\/\/anp.gw\/?p=2588"},"modified":"2023-08-15T11:59:20","modified_gmt":"2023-08-15T11:59:20","slug":"domingos-simoes-pereira-assume-presidencia-da-anp","status":"publish","type":"post","link":"https:\/\/anp.gw\/index.php\/2023\/07\/28\/domingos-simoes-pereira-assume-presidencia-da-anp\/","title":{"rendered":"Domingos Sim\u00f5es Pereira assume presid\u00eancia da ANP"},"content":{"rendered":"\n<p>O l\u00edder do PAIGC e da Coliga\u00e7\u00e3o de Plataforma Alian\u00e7a Inclusiva-Terra Ranka, Domingos Sim\u00f5es Pereira, foi eleito presidente da Assembleia Nacional Popular, com 89 votos a favor, 3 contra e zero absten\u00e7\u00f5es, num universo de 92 deputados presentes no plen\u00e1rio.Para o cargo de primeiro vice-presidente, os deputados votaram a lista \u00fanica, tendo eleito o presidente em exerc\u00edcio do Partido da Renova\u00e7\u00e3o Social (PRS), Fernando Dias da Costa. Adja Satu Camar\u00e1 Pinto, do MADEM-G15, assume a 2\u00aa vice-presid\u00eancia da mesa da ANP, enquanto que as escolhas da primeira e segunda secret\u00e1rias, reca\u00edram nas pessoas de Dam Ial\u00e1 Baran\u00e7\u00e3o e Gabriela Fernandes, da Coliga\u00e7\u00e3o Pai Terra Ranka, com o mesmo n\u00famero de votos.A mesa da Assembleia Nacional Popular \u00e9 constitu\u00edda por cinco pessoas, sendo tr\u00eas mulheres e dois homens.Dos 102 deputados que constituem a Assembleia Nacional Popular, 92 estiveram presentes, registando-se a aus\u00eancia de dez deputados, na sua maioria, membros do atual governo da iniciativa presidencial.<\/p>\n\n\n\n<figure class=\"wp-block-image size-large\"><img decoding=\"async\" width=\"1024\" height=\"768\" src=\"http:\/\/anp.gw\/wp-content\/uploads\/2023\/08\/363859393_611196044546150_3784660237003532753_n-1024x768.jpg\" alt=\"\" class=\"wp-image-2592\" srcset=\"https:\/\/anp.gw\/wp-content\/uploads\/2023\/08\/363859393_611196044546150_3784660237003532753_n-1024x768.jpg 1024w, https:\/\/anp.gw\/wp-content\/uploads\/2023\/08\/363859393_611196044546150_3784660237003532753_n-300x225.jpg 300w, https:\/\/anp.gw\/wp-content\/uploads\/2023\/08\/363859393_611196044546150_3784660237003532753_n-768x576.jpg 768w, https:\/\/anp.gw\/wp-content\/uploads\/2023\/08\/363859393_611196044546150_3784660237003532753_n-320x240.jpg 320w, https:\/\/anp.gw\/wp-content\/uploads\/2023\/08\/363859393_611196044546150_3784660237003532753_n.jpg 1152w\" sizes=\"(max-width: 1024px) 100vw, 1024px\" \/><\/figure>\n","protected":false},"excerpt":{"rendered":"<p>O l\u00edder do PAIGC e da Coliga\u00e7\u00e3o de Plataforma Alian\u00e7a Inclusiva-Terra Ranka, Domingos Sim\u00f5es Pereira, foi eleito presidente da Assembleia Nacional Popular, com 89 votos a favor, 3 contra e&#8230;<\/p>\n","protected":false},"author":1,"featured_media":2590,"comment_status":"open","ping_status":"open","sticky":false,"template":"","format":"standard","meta":{"om_disable_all_campaigns":false,"_mi_skip_tracking":false,"_monsterinsights_sitenote_active":false,"_monsterinsights_sitenote_note":"","_monsterinsights_sitenote_category":0,"_kad_post_transparent":"","_kad_post_title":"","_kad_post_layout":"","_kad_post_sidebar_id":"","_kad_post_content_style":"","_kad_post_vertical_padding":"","_kad_post_feature":"","_kad_post_feature_position":"","_kad_post_header":false,"_kad_post_footer":false,"_kad_post_classname":"","footnotes":""},"categories":[10],"tags":[],"aioseo_notices":[],"_links":{"self":[{"href":"https:\/\/anp.gw\/index.php\/wp-json\/wp\/v2\/posts\/2588"}],"collection":[{"href":"https:\/\/anp.gw\/index.php\/wp-json\/wp\/v2\/posts"}],"about":[{"href":"https:\/\/anp.gw\/index.php\/wp-json\/wp\/v2\/types\/post"}],"author":[{"embeddable":true,"href":"https:\/\/anp.gw\/index.php\/wp-json\/wp\/v2\/users\/1"}],"replies":[{"embeddable":true,"href":"https:\/\/anp.gw\/index.php\/wp-json\/wp\/v2\/comments?post=2588"}],"version-history":[{"count":1,"href":"https:\/\/anp.gw\/index.php\/wp-json\/wp\/v2\/posts\/2588\/revisions"}],"predecessor-version":[{"id":2593,"href":"https:\/\/anp.gw\/index.php\/wp-json\/wp\/v2\/posts\/2588\/revisions\/2593"}],"wp:featuredmedia":[{"embeddable":true,"href":"https:\/\/anp.gw\/index.php\/wp-json\/wp\/v2\/media\/2590"}],"wp:attachment":[{"href":"https:\/\/anp.gw\/index.php\/wp-json\/wp\/v2\/media?parent=2588"}],"wp:term":[{"taxonomy":"category","embeddable":true,"href":"https:\/\/anp.gw\/index.php\/wp-json\/wp\/v2\/categories?post=2588"},{"taxonomy":"post_tag","embeddable":true,"href":"https:\/\/anp.gw\/index.php\/wp-json\/wp\/v2\/tags?post=2588"}],"curies":[{"name":"wp","href":"https:\/\/api.w.org\/{rel}","templated":true}]}}